{"id":11949,"date":"2025-08-23T08:20:59","date_gmt":"2025-08-23T08:20:59","guid":{"rendered":"https:\/\/www.mth-partner.de\/?p=11949"},"modified":"2026-01-07T13:26:10","modified_gmt":"2026-01-07T13:26:10","slug":"arbeitsgericht-gelsenkirchen-kuendigung-wegen-schwerbehinderung-unwirksam-hilfreiches-fuer-arbeitnehmer-und-arbeitgeber","status":"publish","type":"post","link":"https:\/\/www.mth-partner.de\/en\/labour-court-gelsenkirchen-termination-due-to-severe-disability-ineffective-helpful-for-employees-and-employers\/","title":{"rendered":"Gelsenkirchen Labour Court: Dismissal due to severe disability invalid - Helpful information for employees and employers"},"content":{"rendered":"<p>Gelsenkirchen Labour Court, 06.05.2025, Ref.: 1 Ca 1608\/24<\/p>\n<p>If you think about <a href=\"https:\/\/www.mth-partner.de\/en\/services\/employment-and-labour-law\/\">Employment and Labour Law<\/a> When we talk, it's often about the big questions: <a href=\"https:\/\/www.mth-partner.de\/en\/labor-law-the-applicability-of-the-dismissal-protection-act-and-protection-against-dismissal-in-small-businesses\/\">Protection against dismissal<\/a>, equal treatment, rights and obligations of employees and employers. However, sometimes the explosive nature of these issues only becomes apparent in specific stories that make it much clearer how much law and justice are intertwined in working life. A recent example of this is the judgement of the Gelsenkirchen Labour Court (case no. 1 Ca 1608\/24, judgement of 6 May 2025). The case sheds light on several aspects at once: the protection of severely disabled employees, the limits of dismissals for operational reasons and the role of prohibitions on discrimination in working life.<\/p>\n<h3><span class=\"ez-toc-section\" id=\"Sachverhalt\"><\/span>Facts<span class=\"ez-toc-section-end\"><\/span><\/h3>\n<p>The plaintiff had been working as a commercial employee in an electrical wholesaler since 2017. In 2023, he suffered a serious commuting accident that led to a long-term incapacity to work. As a result, he underwent a <a href=\"https:\/\/www.mth-partner.de\/en\/labor-law-special-termination-rights-for-severely-disabled-employees\/\">Severe disability<\/a> recognised with a degree of 50 %. After a lengthy period of illness and reintegration, the employer terminated the employment relationship in November 2024 - officially for operational reasons. But that was not the end of the story: another termination followed a few months later, this time with the approval of the Integration Office.<\/p>\n<p>The employee defended himself against both dismissals. The court had to decide whether they were effective - and whether the plaintiff was also entitled to compensation under the General Equal Treatment Act (<a href=\"https:\/\/www.mth-partner.de\/en\/labour-law-the-employee-must-present-evidence-that-the-claim-for-compensation-is-justified-according-to-15-agg\/\">AGG<\/a>) is entitled to.<\/p>\n<h3><span class=\"ez-toc-section\" id=\"Die_Entscheidung_im_Uberblick\"><\/span>The decision at a glance<span class=\"ez-toc-section-end\"><\/span><\/h3>\n<p>The court came to a differentiated conclusion:<\/p>\n<ol start=\"1\" data-spread=\"false\">\n<li><strong>The first termination (29 November 2024) was invalid.<\/strong> It was issued in connection with the plaintiff's severe disability and thus violated the AGG's prohibition of discrimination.<\/li>\n<li><strong>The second termination (19 February 2025) was effective.<\/strong> It was based on new reasons, including a careless WhatsApp message from the plaintiff to customers in which he massively criticised the employer.<\/li>\n<li><strong>The plaintiff received compensation in the amount of 4,754.39 euros.<\/strong> This was based on Section 15 (2) AGG, as the first dismissal was discriminatory.<\/li>\n<\/ol>\n<h3><span class=\"ez-toc-section\" id=\"Warum_ist_dieses_Urteil_wichtig\"><\/span>Why is this judgement important?<span class=\"ez-toc-section-end\"><\/span><\/h3>\n<p>This judgement is an example of how complex the interaction between <a href=\"https:\/\/www.mth-partner.de\/en\/receive-your-72-hour-emergency-plan\/\">Protection against dismissal<\/a>, prohibition of discrimination and entrepreneurial freedom. It makes it clear that even if the Dismissal Protection Act (KSchG) does not apply in small companies, this does not mean that employees are unprotected. The AGG and SGB IX (law on severely disabled employees) set important limits here.<\/p>\n<p>You could compare it to a boat: In stormy seas, every little piece of wood that provides stability counts. For severely disabled employees, the AGG is often precisely this piece of wood that prevents them from sinking without protection.<\/p>\n<h3><span class=\"ez-toc-section\" id=\"Was_lernen_wir_daraus\"><\/span>What do we learn from this?<span class=\"ez-toc-section-end\"><\/span><\/h3>\n<p>For employees, the judgement means that they should take their rights seriously. A dismissal that is at least partially based on a disability may be invalid. For employers, on the other hand, it is a clear indication that they must take particular care when dealing with severely disabled employees.<\/p>\n<h4><span class=\"ez-toc-section\" id=\"Drei_zentrale_Lehren_fur_Arbeitnehmer\"><\/span>Three key lessons for employees:<span class=\"ez-toc-section-end\"><\/span><\/h4>\n<ul data-spread=\"false\">\n<li><strong>Know your rights:<\/strong> A cancellation is not always final. If you have any doubts, you should take legal action in good time.<\/li>\n<li><strong>Document everything:<\/strong> Emails, conversations, minutes - all of these can be crucial in the process.<\/li>\n<li><strong>Use support:<\/strong> Representative body for severely disabled persons, <a href=\"https:\/\/www.mth-partner.de\/en\/labor-law-the-lawsuit-for-protection-against-dismissal-and-the-appeal-of-the-approval-notice-from-the-integration-office\/\">Integration Office<\/a> or trade unions are important contacts.<\/li>\n<\/ul>\n<h4><span class=\"ez-toc-section\" id=\"Drei_wichtige_Hinweise_fur_Arbeitgeber\"><\/span>Three important tips for employers:<span class=\"ez-toc-section-end\"><\/span><\/h4>\n<ul data-spread=\"false\">\n<li><strong>Take BEM seriously:<\/strong> Company integration management is not a formality, but a duty.<\/li>\n<li><strong>Avoid discrimination:<\/strong> Even the appearance that a dismissal is due to a disability can have legal consequences.<\/li>\n<li><strong>Design clear communication:<\/strong> Honesty and transparency avoid conflicts later on.<\/li>\n<\/ul>\n<h3><span class=\"ez-toc-section\" id=\"Ein_Blick_auf_die_zweite_Kundigung\"><\/span>A look at the second cancellation<span class=\"ez-toc-section-end\"><\/span><\/h3>\n<p>The second cancellation is particularly interesting. It shows that employees also need to be careful. An ill-considered message to customers - written in anger or out of frustration - can have legal consequences. The court considered the WhatsApp message in which the plaintiff accused his employer of \"running the gauntlet\" and unjustified treatment to be a grossly unobjective attack. Such statements can not only destroy the relationship of trust, but in extreme cases can even justify dismissal.<\/p>\n<h3><span class=\"ez-toc-section\" id=\"Praktischer_Nutzen_fur_die_Arbeitswelt\"><\/span>Practical benefits for the world of work<span class=\"ez-toc-section-end\"><\/span><\/h3>\n<p>The judgement warns both sides: Employees and employers. For employees, it is a signal of hope - even in difficult situations, rights can be enforced. For employers, it is a warning signal that formal errors or discriminatory motives can be costly.<\/p>\n<p>At the same time, the judgement underlines the importance of open communication. If the employer had implemented the agreed measures in the BEM, an escalation might never have occurred. And if the employee had voiced his criticism internally instead of publicly, the second dismissal might not have been tenable.<\/p>\n<h3><span class=\"ez-toc-section\" id=\"Fazit\"><\/span>Conclusion<span class=\"ez-toc-section-end\"><\/span><\/h3>\n<p>The judgement of the Gelsenkirchen Labour Court is a lesson in how law and humanity can come together - or fall apart - in working life. It shows that protective rights do not just exist in theory, but are effective in practice. But it also shows that employees also bear responsibility when it comes to treating their employer with respect.<\/p>\n<p>In the end, the message is twofold: no one is defenceless in the face of termination - but no one should recklessly risk irreparably destroying trust.<\/p>","protected":false},"excerpt":{"rendered":"<p>In 2025, the Gelsenkirchen Labour Court ruled on the dismissal of a severely disabled employee. While the first dismissal was deemed discriminatory and therefore invalid, the court upheld the second. The judgement shows how important protection against discrimination, BEM and clear communication are in labour law.<\/p>","protected":false},"author":4,"featured_media":11959,"comment_status":"open","ping_status":"open","sticky":false,"template":"","format":"standard","meta":{"footnotes":""},"categories":[35],"tags":[],"class_list":["post-11949","post","type-post","status-publish","format-standard","has-post-thumbnail","hentry","category-arbeitsrecht-rechtsanwalt"],"yoast_head":"<!-- This site is optimized with the Yoast SEO plugin v27.5 - https:\/\/yoast.com\/product\/yoast-seo-wordpress\/ -->\n<title>Arbeitsgericht Gelsenkirchen: K\u00fcndigung wegen Schwerbehinderung unwirksam \u2013 Hilfreiches f\u00fcr Arbeitnehmer und Arbeitgeber - Rechtsanwaltskanzlei\u00a0Tieben<\/title>\n<meta name=\"description\" content=\"Erste K\u00fcndigung eines schwerbehinderten Mitarbeiters unwirksam, zweite wirksam. Lehren f\u00fcr Arbeitnehmer &amp; Arbeitgeber im \u00dcberblick.\" \/>\n<meta name=\"robots\" content=\"index, follow, max-snippet:-1, max-image-preview:large, max-video-preview:-1\" \/>\n<link rel=\"canonical\" href=\"https:\/\/www.mth-partner.de\/en\/labour-court-gelsenkirchen-termination-due-to-severe-disability-ineffective-helpful-for-employees-and-employers\/\" \/>\n<meta property=\"og:locale\" content=\"en_GB\" \/>\n<meta property=\"og:type\" content=\"article\" \/>\n<meta property=\"og:title\" content=\"Arbeitsgericht Gelsenkirchen: K\u00fcndigung wegen Schwerbehinderung unwirksam \u2013 Hilfreiches f\u00fcr Arbeitnehmer und Arbeitgeber - Rechtsanwaltskanzlei\u00a0Tieben\" \/>\n<meta property=\"og:description\" content=\"Erste K\u00fcndigung eines schwerbehinderten Mitarbeiters unwirksam, zweite wirksam. Lehren f\u00fcr Arbeitnehmer &amp; Arbeitgeber im \u00dcberblick.\" \/>\n<meta property=\"og:url\" content=\"https:\/\/www.mth-partner.de\/en\/labour-court-gelsenkirchen-termination-due-to-severe-disability-ineffective-helpful-for-employees-and-employers\/\" \/>\n<meta property=\"og:site_name\" content=\"Rechtsanwaltskanzlei\u00a0Tieben\" \/>\n<meta property=\"article:publisher\" content=\"https:\/\/www.facebook.com\/profile.php?id=100054481000178\" \/>\n<meta property=\"article:published_time\" content=\"2025-08-23T08:20:59+00:00\" \/>\n<meta property=\"article:modified_time\" content=\"2026-01-07T13:26:10+00:00\" \/>\n<meta property=\"og:image\" content=\"https:\/\/www.mth-partner.de\/wp-content\/uploads\/Arbeitsrecht-1.jpg\" \/>\n\t<meta property=\"og:image:width\" content=\"1200\" \/>\n\t<meta property=\"og:image:height\" content=\"600\" \/>\n\t<meta property=\"og:image:type\" content=\"image\/jpeg\" \/>\n<meta name=\"author\" content=\"helmer\" \/>\n<meta name=\"twitter:card\" content=\"summary_large_image\" \/>\n<meta name=\"twitter:creator\" content=\"@mth_Tieben\" \/>\n<meta name=\"twitter:site\" content=\"@mth_Tieben\" \/>\n<meta name=\"twitter:label1\" content=\"Written by\" \/>\n\t<meta name=\"twitter:data1\" content=\"helmer\" \/>\n\t<meta name=\"twitter:label2\" content=\"Estimated reading time\" \/>\n\t<meta name=\"twitter:data2\" content=\"4 minutes\" \/>\n<!-- \/ Yoast SEO plugin. -->","yoast_head_json":{"title":"Gelsenkirchen Labour Court: Dismissal due to severe disability invalid - Helpful information for employees and employers - Rechtsanwaltskanzlei Tieben","description":"First dismissal of a severely disabled employee invalid, second effective. Lessons for employees &amp; employers at a glance.","robots":{"index":"index","follow":"follow","max-snippet":"max-snippet:-1","max-image-preview":"max-image-preview:large","max-video-preview":"max-video-preview:-1"},"canonical":"https:\/\/www.mth-partner.de\/en\/labour-court-gelsenkirchen-termination-due-to-severe-disability-ineffective-helpful-for-employees-and-employers\/","og_locale":"en_GB","og_type":"article","og_title":"Arbeitsgericht Gelsenkirchen: K\u00fcndigung wegen Schwerbehinderung unwirksam \u2013 Hilfreiches f\u00fcr Arbeitnehmer und Arbeitgeber - Rechtsanwaltskanzlei\u00a0Tieben","og_description":"Erste K\u00fcndigung eines schwerbehinderten Mitarbeiters unwirksam, zweite wirksam. Lehren f\u00fcr Arbeitnehmer & Arbeitgeber im \u00dcberblick.","og_url":"https:\/\/www.mth-partner.de\/en\/labour-court-gelsenkirchen-termination-due-to-severe-disability-ineffective-helpful-for-employees-and-employers\/","og_site_name":"Rechtsanwaltskanzlei\u00a0Tieben","article_publisher":"https:\/\/www.facebook.com\/profile.php?id=100054481000178","article_published_time":"2025-08-23T08:20:59+00:00","article_modified_time":"2026-01-07T13:26:10+00:00","og_image":[{"width":1200,"height":600,"url":"https:\/\/www.mth-partner.de\/wp-content\/uploads\/Arbeitsrecht-1.jpg","type":"image\/jpeg"}],"author":"helmer","twitter_card":"summary_large_image","twitter_creator":"@mth_Tieben","twitter_site":"@mth_Tieben","twitter_misc":{"Written by":"helmer","Estimated reading time":"4 minutes"},"schema":{"@context":"https:\/\/schema.org","@graph":[{"@type":"Article","@id":"https:\/\/www.mth-partner.de\/arbeitsgericht-gelsenkirchen-kuendigung-wegen-schwerbehinderung-unwirksam-hilfreiches-fuer-arbeitnehmer-und-arbeitgeber\/#article","isPartOf":{"@id":"https:\/\/www.mth-partner.de\/arbeitsgericht-gelsenkirchen-kuendigung-wegen-schwerbehinderung-unwirksam-hilfreiches-fuer-arbeitnehmer-und-arbeitgeber\/"},"author":{"name":"helmer","@id":"https:\/\/www.mth-partner.de\/#\/schema\/person\/fbcf627706a8a6151cec2217af8c74b3"},"headline":"Arbeitsgericht Gelsenkirchen: K\u00fcndigung wegen Schwerbehinderung unwirksam \u2013 Hilfreiches f\u00fcr Arbeitnehmer und Arbeitgeber","datePublished":"2025-08-23T08:20:59+00:00","dateModified":"2026-01-07T13:26:10+00:00","mainEntityOfPage":{"@id":"https:\/\/www.mth-partner.de\/arbeitsgericht-gelsenkirchen-kuendigung-wegen-schwerbehinderung-unwirksam-hilfreiches-fuer-arbeitnehmer-und-arbeitgeber\/"},"wordCount":811,"commentCount":0,"publisher":{"@id":"https:\/\/www.mth-partner.de\/#organization"},"image":{"@id":"https:\/\/www.mth-partner.de\/arbeitsgericht-gelsenkirchen-kuendigung-wegen-schwerbehinderung-unwirksam-hilfreiches-fuer-arbeitnehmer-und-arbeitgeber\/#primaryimage"},"thumbnailUrl":"https:\/\/www.mth-partner.de\/wp-content\/uploads\/Arbeitsrecht-1.jpg","articleSection":["Arbeitsrecht"],"inLanguage":"en-GB","potentialAction":[{"@type":"CommentAction","name":"Comment","target":["https:\/\/www.mth-partner.de\/arbeitsgericht-gelsenkirchen-kuendigung-wegen-schwerbehinderung-unwirksam-hilfreiches-fuer-arbeitnehmer-und-arbeitgeber\/#respond"]}]},{"@type":"WebPage","@id":"https:\/\/www.mth-partner.de\/arbeitsgericht-gelsenkirchen-kuendigung-wegen-schwerbehinderung-unwirksam-hilfreiches-fuer-arbeitnehmer-und-arbeitgeber\/","url":"https:\/\/www.mth-partner.de\/arbeitsgericht-gelsenkirchen-kuendigung-wegen-schwerbehinderung-unwirksam-hilfreiches-fuer-arbeitnehmer-und-arbeitgeber\/","name":"Gelsenkirchen Labour Court: Dismissal due to severe disability invalid - Helpful information for employees and employers - Rechtsanwaltskanzlei Tieben","isPartOf":{"@id":"https:\/\/www.mth-partner.de\/#website"},"primaryImageOfPage":{"@id":"https:\/\/www.mth-partner.de\/arbeitsgericht-gelsenkirchen-kuendigung-wegen-schwerbehinderung-unwirksam-hilfreiches-fuer-arbeitnehmer-und-arbeitgeber\/#primaryimage"},"image":{"@id":"https:\/\/www.mth-partner.de\/arbeitsgericht-gelsenkirchen-kuendigung-wegen-schwerbehinderung-unwirksam-hilfreiches-fuer-arbeitnehmer-und-arbeitgeber\/#primaryimage"},"thumbnailUrl":"https:\/\/www.mth-partner.de\/wp-content\/uploads\/Arbeitsrecht-1.jpg","datePublished":"2025-08-23T08:20:59+00:00","dateModified":"2026-01-07T13:26:10+00:00","description":"First dismissal of a severely disabled employee invalid, second effective. Lessons for employees &amp; employers at a glance.","breadcrumb":{"@id":"https:\/\/www.mth-partner.de\/arbeitsgericht-gelsenkirchen-kuendigung-wegen-schwerbehinderung-unwirksam-hilfreiches-fuer-arbeitnehmer-und-arbeitgeber\/#breadcrumb"},"inLanguage":"en-GB","potentialAction":[{"@type":"ReadAction","target":["https:\/\/www.mth-partner.de\/arbeitsgericht-gelsenkirchen-kuendigung-wegen-schwerbehinderung-unwirksam-hilfreiches-fuer-arbeitnehmer-und-arbeitgeber\/"]}]},{"@type":"ImageObject","inLanguage":"en-GB","@id":"https:\/\/www.mth-partner.de\/arbeitsgericht-gelsenkirchen-kuendigung-wegen-schwerbehinderung-unwirksam-hilfreiches-fuer-arbeitnehmer-und-arbeitgeber\/#primaryimage","url":"https:\/\/www.mth-partner.de\/wp-content\/uploads\/Arbeitsrecht-1.jpg","contentUrl":"https:\/\/www.mth-partner.de\/wp-content\/uploads\/Arbeitsrecht-1.jpg","width":1200,"height":600,"caption":"Arbeitsrecht"},{"@type":"BreadcrumbList","@id":"https:\/\/www.mth-partner.de\/arbeitsgericht-gelsenkirchen-kuendigung-wegen-schwerbehinderung-unwirksam-hilfreiches-fuer-arbeitnehmer-und-arbeitgeber\/#breadcrumb","itemListElement":[{"@type":"ListItem","position":1,"name":"Home","item":"https:\/\/www.mth-partner.de\/"},{"@type":"ListItem","position":2,"name":"Arbeitsrecht","item":"https:\/\/www.mth-partner.de\/category\/arbeitsrecht-rechtsanwalt\/"},{"@type":"ListItem","position":3,"name":"Arbeitsgericht Gelsenkirchen: K\u00fcndigung wegen Schwerbehinderung unwirksam \u2013 Hilfreiches f\u00fcr Arbeitnehmer und Arbeitgeber"}]},{"@type":"WebSite","@id":"https:\/\/www.mth-partner.de\/#website","url":"https:\/\/www.mth-partner.de\/","name":"Law firm Tieben","description":"Lawyer Tieben \/ Law firm Cologne","publisher":{"@id":"https:\/\/www.mth-partner.de\/#organization"},"potentialAction":[{"@type":"SearchAction","target":{"@type":"EntryPoint","urlTemplate":"https:\/\/www.mth-partner.de\/?s={search_term_string}"},"query-input":{"@type":"PropertyValueSpecification","valueRequired":true,"valueName":"search_term_string"}}],"inLanguage":"en-GB"},{"@type":"Organization","@id":"https:\/\/www.mth-partner.de\/#organization","name":"Law firm Tieben","url":"https:\/\/www.mth-partner.de\/","logo":{"@type":"ImageObject","inLanguage":"en-GB","@id":"https:\/\/www.mth-partner.de\/#\/schema\/logo\/image\/","url":"https:\/\/www.mth-partner.de\/wp-content\/uploads\/logo.png","contentUrl":"https:\/\/www.mth-partner.de\/wp-content\/uploads\/logo.png","width":254,"height":52,"caption":"Rechtsanwaltskanzlei\u00a0Tieben"},"image":{"@id":"https:\/\/www.mth-partner.de\/#\/schema\/logo\/image\/"},"sameAs":["https:\/\/www.facebook.com\/profile.php?id=100054481000178","https:\/\/x.com\/mth_Tieben","https:\/\/www.linkedin.com\/in\/helmer-tieben-09570226"]},{"@type":"Person","@id":"https:\/\/www.mth-partner.de\/#\/schema\/person\/fbcf627706a8a6151cec2217af8c74b3","name":"helmer","image":{"@type":"ImageObject","inLanguage":"en-GB","@id":"https:\/\/secure.gravatar.com\/avatar\/f3308295754604f18007cf9e14e5984d1b864d3edea19e3681ff8c9354cd73e8?s=96&d=mm&r=g","url":"https:\/\/secure.gravatar.com\/avatar\/f3308295754604f18007cf9e14e5984d1b864d3edea19e3681ff8c9354cd73e8?s=96&d=mm&r=g","contentUrl":"https:\/\/secure.gravatar.com\/avatar\/f3308295754604f18007cf9e14e5984d1b864d3edea19e3681ff8c9354cd73e8?s=96&d=mm&r=g","caption":"helmer"}}]}},"_links":{"self":[{"href":"https:\/\/www.mth-partner.de\/en\/wp-json\/wp\/v2\/posts\/11949","targetHints":{"allow":["GET"]}}],"collection":[{"href":"https:\/\/www.mth-partner.de\/en\/wp-json\/wp\/v2\/posts"}],"about":[{"href":"https:\/\/www.mth-partner.de\/en\/wp-json\/wp\/v2\/types\/post"}],"author":[{"embeddable":true,"href":"https:\/\/www.mth-partner.de\/en\/wp-json\/wp\/v2\/users\/4"}],"replies":[{"embeddable":true,"href":"https:\/\/www.mth-partner.de\/en\/wp-json\/wp\/v2\/comments?post=11949"}],"version-history":[{"count":4,"href":"https:\/\/www.mth-partner.de\/en\/wp-json\/wp\/v2\/posts\/11949\/revisions"}],"predecessor-version":[{"id":13002,"href":"https:\/\/www.mth-partner.de\/en\/wp-json\/wp\/v2\/posts\/11949\/revisions\/13002"}],"wp:featuredmedia":[{"embeddable":true,"href":"https:\/\/www.mth-partner.de\/en\/wp-json\/wp\/v2\/media\/11959"}],"wp:attachment":[{"href":"https:\/\/www.mth-partner.de\/en\/wp-json\/wp\/v2\/media?parent=11949"}],"wp:term":[{"taxonomy":"category","embeddable":true,"href":"https:\/\/www.mth-partner.de\/en\/wp-json\/wp\/v2\/categories?post=11949"},{"taxonomy":"post_tag","embeddable":true,"href":"https:\/\/www.mth-partner.de\/en\/wp-json\/wp\/v2\/tags?post=11949"}],"curies":[{"name":"wp","href":"https:\/\/api.w.org\/{rel}","templated":true}]}}