{"id":11991,"date":"2025-09-06T12:23:31","date_gmt":"2025-09-06T12:23:31","guid":{"rendered":"https:\/\/www.mth-partner.de\/?p=11991"},"modified":"2025-12-09T18:37:58","modified_gmt":"2025-12-09T18:37:58","slug":"arbeitsrecht-europarechtswidrige-kuendigung-eines-schwerbehinderten-in-der-probezeit","status":"publish","type":"post","link":"https:\/\/www.mth-partner.de\/en\/labour-law-termination-of-a-severely-disabled-person-during-the-probationary-period-contrary-to-european-law\/","title":{"rendered":"Labour law: Dismissal of a severely disabled person during the probationary period in breach of European law."},"content":{"rendered":"<p><span class=\"notion-enable-hover\"><b><span dir=\"auto\" style=\"vertical-align: inherit;\"><span dir=\"auto\" style=\"vertical-align: inherit;\">Cologne Labor Court (18th Chamber), judgment of December 20, 2023 - 18 Ca 3954\/23<\/span><\/span><\/b><\/span><b><\/b><\/p>\n<h3><span class=\"ez-toc-section\" id=\"Facts\"><\/span><b><span dir=\"auto\" style=\"vertical-align: inherit;\"><span dir=\"auto\" style=\"vertical-align: inherit;\">Facts:<\/span><\/span><\/b><span class=\"ez-toc-section-end\"><\/span><\/h3>\n<p style=\"text-align: justify; text-justify: inter-ideograph;\"><span style=\"color: black;\"><span dir=\"auto\" style=\"vertical-align: inherit;\"><span dir=\"auto\" style=\"vertical-align: inherit;\">The plaintiff, a municipal building yard employee born in 1984, fought his <\/span><\/span><b><i><span dir=\"auto\" style=\"vertical-align: inherit;\"><span dir=\"auto\" style=\"vertical-align: inherit;\">dismissal during his probationary period<\/span><\/span><\/i><\/b><span dir=\"auto\" style=\"vertical-align: inherit;\"><span dir=\"auto\" style=\"vertical-align: inherit;\"> . He had been employed since January 2023 and received a gross salary of \u20ac2,800. The plaintiff is severely disabled (GdB 80) and worked in several shifts. In May, he tore his cruciate ligament while cycling and was therefore unable to work.<\/span><\/span><\/span><\/p>\n<p style=\"text-align: justify; text-justify: inter-ideograph;\"><span style=\"color: black;\"><span dir=\"auto\" style=\"vertical-align: inherit;\"><span dir=\"auto\" style=\"vertical-align: inherit;\">The municipality subsequently terminated him in June 2023 during his probationary period after hearing from the staff council, the representative of severely disabled persons, and the equal opportunities officer, who raised no objections. The plaintiff considered the termination to be in breach of trust and filed a wrongful termination suit with the Cologne Labour Court. He emphasised that he had received positive feedback, but admitted that, due to his disability, he needed more time and practice to fully utilise his work abilities. He also criticised the fact that he had not been offered (continued) employment appropriate to his disability.<\/span><\/span><\/span><\/p>\n<p style=\"text-align: justify; text-justify: inter-ideograph;\"><span style=\"color: black;\"><span dir=\"auto\" style=\"vertical-align: inherit;\"><span dir=\"auto\" style=\"vertical-align: inherit;\">The municipality, however, cited inadequate performance and a lack of teamwork skills. It argued that discrimination did not occur because the causes of the disability had only become known later, and therefore proactive action was not necessary.<\/span><\/span><\/span><\/p>\n<h3 style=\"text-align: justify; text-justify: inter-ideograph;\"><span class=\"ez-toc-section\" id=\"The_decision_The_termination_is_unlawful_and_the_relevant_standard_applies\"><\/span><b><span style=\"color: black;\"><span dir=\"auto\" style=\"vertical-align: inherit;\"><span dir=\"auto\" style=\"vertical-align: inherit;\">The decision: The termination is unlawful and the relevant standard applies.<\/span><\/span><\/span><\/b><span class=\"ez-toc-section-end\"><\/span><\/h3>\n<p style=\"text-align: justify; text-justify: inter-ideograph;\"><span style=\"color: black;\"><span dir=\"auto\" style=\"vertical-align: inherit;\"><span dir=\"auto\" style=\"vertical-align: inherit;\">In its decision, the labour court essentially addressed two questions. First, whether the employer's conduct<\/span><\/span><\/span><span dir=\"auto\" style=\"vertical-align: inherit;\"><span dir=\"auto\" style=\"vertical-align: inherit;\"> constituted discrimination under Section 164 II S.1 of the Social Code (SGB IX), which would render it invalid under Section 134 of the German Civil Code (BGB).<\/span><\/span><\/p>\n<p style=\"text-align: justify; text-justify: inter-ideograph;\"><span dir=\"auto\" style=\"vertical-align: inherit;\"><span dir=\"auto\" style=\"vertical-align: inherit;\">On the other hand, the Chamber wondered whether the central norm (which ultimately decided the legal dispute) \u00a7164 II S.1 SGB IX <\/span><\/span><b><i><span dir=\"auto\" style=\"vertical-align: inherit;\"><span dir=\"auto\" style=\"vertical-align: inherit;\">is even applicable during an employee's probationary period.<\/span><\/span><\/i><\/b><\/p>\n<p style=\"text-align: justify; text-justify: inter-ideograph;\"><span dir=\"auto\" style=\"vertical-align: inherit;\"><span dir=\"auto\" style=\"vertical-align: inherit;\">With regard to discrimination pursuant to Section 134 of the German Civil Code (BGB) in conjunction with Section 164 II S.1 of the German Social Code (SGB IX), the chamber found that the municipality had discriminated against the plaintiff on the basis of his (severe) disability. The court accused the municipality of violating <\/span><\/span><b><i><span dir=\"auto\" style=\"vertical-align: inherit;\"><span dir=\"auto\" style=\"vertical-align: inherit;\">its obligations<\/span><\/span><\/i><\/b><span dir=\"auto\" style=\"vertical-align: inherit;\"><span dir=\"auto\" style=\"vertical-align: inherit;\"> to the plaintiff under Section 167 of the German Social Code (SGB IX). In the judges' opinion, this indicated a (rebuttable) presumption that the dismissal was due to the plaintiff's disability. The employer was unable to refute this presumption, meaning that discrimination pursuant to Section 164 II S.1 of the German Social Code (SGB IX) was present.<\/span><\/span><\/p>\n<p style=\"text-align: justify; text-justify: inter-ideograph;\"><span dir=\"auto\" style=\"vertical-align: inherit;\"><span dir=\"auto\" style=\"vertical-align: inherit;\">However, the chamber faced a crucial problem. According to the case law of the Federal Labour Court (BAG), the obligations arising from Section 167 of the Social Code (SGB IX) are not applicable during the probationary period. This made the court's decision all the more intriguing. Contrary to the BAG's ruling, the chamber held that Section 167 of the SGB IX also applies during the probationary period, meaning there was nothing to prevent the final decision that the termination was unlawful.<\/span><\/span><\/p>\n<h3 style=\"text-align: justify; text-justify: inter-ideograph;\"><span class=\"ez-toc-section\" id=\"Reason_The_municipality_does_not_involve_the_inclusion_office_Union_law_requires_the_consistent_application_of_Section_164_of_the_Social_Code_SGB_IX\"><\/span><b><span dir=\"auto\" style=\"vertical-align: inherit;\"><span dir=\"auto\" style=\"vertical-align: inherit;\">Reason: The municipality does not involve the inclusion office. Union law requires the consistent application of Section <\/span><\/span><i><span dir=\"auto\" style=\"vertical-align: inherit;\"><span dir=\"auto\" style=\"vertical-align: inherit;\">164 of the Social Code (SGB IX).<\/span><\/span><\/i><\/b><span class=\"ez-toc-section-end\"><\/span><\/h3>\n<p style=\"text-align: justify; text-justify: inter-ideograph;\"><span dir=\"auto\" style=\"vertical-align: inherit;\"><span dir=\"auto\" style=\"vertical-align: inherit;\">The core of the decision is the question of possible discrimination against the plaintiff on the basis of his disability. According to Section 167 of the Social Code Book IX, the employer is obliged <\/span><\/span><i> <\/i><span dir=\"auto\" style=\"vertical-align: inherit;\"><span dir=\"auto\" style=\"vertical-align: inherit;\">to inform the responsible inclusion office and the representative of severely disabled persons at an early stage. This provision is intended to eliminate difficulties that arise when employing severely disabled persons in order to be able to continue the employment relationship as permanently as possible. The chamber found that the municipality violated these obligations. In the court's opinion, when the municipality noticed that the plaintiff's integration was proving difficult, it should have taken preventative measures and - if lower-threshold measures were unsuccessful - should have involved the representative of severely disabled persons and the integration office as a preventative measure, <\/span><\/span><b><i><span dir=\"auto\" style=\"vertical-align: inherit;\"><span dir=\"auto\" style=\"vertical-align: inherit;\">which did not happen<\/span><\/span><\/i><\/b><span dir=\"auto\" style=\"vertical-align: inherit;\"><span dir=\"auto\" style=\"vertical-align: inherit;\"> . In addition, the court considered that a longer acclimatisation phase that was fair to people with disabilities would have increased the chances of the plaintiff's successful integration.<\/span><\/span><\/p>\n<p style=\"text-align: justify; text-justify: inter-ideograph;\"><span dir=\"auto\" style=\"vertical-align: inherit;\"><span dir=\"auto\" style=\"vertical-align: inherit;\">This gave rise to the aforementioned presumption that the dismissal was due to the plaintiff's disability and therefore constituted discrimination within the meaning of Section 164 II S.1 SGB IX.<\/span><\/span><\/p>\n<p style=\"text-align: justify; text-justify: inter-ideograph;\"><span dir=\"auto\" style=\"vertical-align: inherit;\"><span dir=\"auto\" style=\"vertical-align: inherit;\">However, the problem of the applicability of the standard was much more complicated.<\/span><\/span><\/p>\n<p style=\"text-align: justify; text-justify: inter-ideograph;\"><span dir=\"auto\" style=\"vertical-align: inherit;\"><span dir=\"auto\" style=\"vertical-align: inherit;\">In this regard, the chamber developed a detailed reasoned opinion contrary to the case law of the Federal Labour Court. In the court's view, this arises primarily from the grammatical and statutory interpretation, both of which <\/span><\/span><b><i><span dir=\"auto\" style=\"vertical-align: inherit;\"><span dir=\"auto\" style=\"vertical-align: inherit;\">contain no restrictions<\/span><\/span><\/i><\/b><span dir=\"auto\" style=\"vertical-align: inherit;\"><span dir=\"auto\" style=\"vertical-align: inherit;\"> , from which it could be concluded that the application also applies during the probationary period. Ultimately, however, an <\/span><\/span><b><i><span dir=\"auto\" style=\"vertical-align: inherit;\"><span dir=\"auto\" style=\"vertical-align: inherit;\">interpretation that is consistent with European law<\/span><\/span><\/i><\/b><span dir=\"auto\" style=\"vertical-align: inherit;\"><span dir=\"auto\" style=\"vertical-align: inherit;\"> was decisive. Article 5 of Directive 2000\/78 and Article 27, paragraph 1, sentence 2, letter a of the UN CRPD impose a (general and abstract) obligation to protect the rights of severely disabled people and to ensure access to employment. Consequently, a restrictive interpretation of Section 164 II, sentence 1 of Book IX of the Social Code would hinder the effective enforcement of European law. This is <\/span><span dir=\"auto\" style=\"vertical-align: inherit;\">prohibited under the <\/span><\/span><b><i><span dir=\"auto\" style=\"vertical-align: inherit;\"><span dir=\"auto\" style=\"vertical-align: inherit;\">\"effit utile\"<\/span><\/span><\/i><\/b><span dir=\"auto\" style=\"vertical-align: inherit;\"><span dir=\"auto\" style=\"vertical-align: inherit;\"> (developed and recognised in case law). Consequently, in the Chamber's view, in order to ensure effective implementation of European law, the applicability of Section 164 II S.1 SGB IX must also be \"extended\" to the probationary period.<\/span><\/span><\/p>\n<h3 style=\"text-align: justify; text-justify: inter-ideograph;\"><span class=\"ez-toc-section\" id=\"Conclusion_and_practical_tips\"><\/span><b><span dir=\"auto\" style=\"vertical-align: inherit;\"><span dir=\"auto\" style=\"vertical-align: inherit;\">Conclusion and practical tips:<\/span><\/span><\/b><span class=\"ez-toc-section-end\"><\/span><\/h3>\n<p style=\"text-align: justify; text-justify: inter-ideograph;\"><span dir=\"auto\" style=\"vertical-align: inherit;\"><span dir=\"auto\" style=\"vertical-align: inherit;\">A ruling in which the Cologne Labor Court (courageously) defied the case law of the Federal Labor Court (BAG), declaring a dismissal unlawful and thus enabling the continued employment of the severely disabled plaintiff. On the one hand, it demonstrates that employers have a special duty towards their (severely) disabled employees to proactively work towards their continued employment, even if the employee is \"still\" in their probationary period. However, it remains unclear how the further appeal process will unfold and whether this well-founded opinion will continue to hold. The case may even be referred to the European Court of Justice to clarify any uncertainties under EU law. Furthermore, it becomes very clear to disabled and severely disabled employees just how extensive workplace protection exists and how far-reaching the prohibition of discrimination can be.<\/span><\/span><\/p>","protected":false},"excerpt":{"rendered":"<p>The Cologne Labour Court (judgement of 20 December 2023 - 18 Ca 3954\/23) ruled that the dismissal of a severely disabled building yard employee during the probationary period was discriminatory and therefore invalid. The chamber clarified that Section 164 para. 2 sentence 1 SGB IX is also applicable during the probationary period - contrary to BAG case law. Employers must therefore take preventative measures at an early stage and involve the integration office in order to avoid discrimination.<\/p>","protected":false},"author":4,"featured_media":12033,"comment_status":"open","ping_status":"open","sticky":false,"template":"","format":"standard","meta":{"footnotes":""},"categories":[3636],"tags":[],"class_list":["post-11991","post","type-post","status-publish","format-standard","has-post-thumbnail","hentry","category-schwerbehinderung"],"yoast_head":"<!-- This site is optimized with the Yoast SEO plugin v27.5 - https:\/\/yoast.com\/product\/yoast-seo-wordpress\/ -->\n<title>Arbeitsrecht: Europarechtswidrige K\u00fcndigung eines Schwerbehinderten in der Probezeit. - Rechtsanwaltskanzlei\u00a0Tieben<\/title>\n<meta name=\"description\" content=\"Arbeitsgericht K\u00f6ln erkl\u00e4rt Probezeitk\u00fcndigung eines schwerbehinderten Mitarbeiters wegen Diskriminierung f\u00fcr rechtswidrig.\" \/>\n<meta name=\"robots\" content=\"index, follow, max-snippet:-1, max-image-preview:large, max-video-preview:-1\" \/>\n<link rel=\"canonical\" href=\"https:\/\/www.mth-partner.de\/en\/labour-law-termination-of-a-severely-disabled-person-during-the-probationary-period-contrary-to-european-law\/\" \/>\n<meta property=\"og:locale\" content=\"en_GB\" \/>\n<meta property=\"og:type\" content=\"article\" \/>\n<meta property=\"og:title\" content=\"Arbeitsrecht: Europarechtswidrige K\u00fcndigung eines Schwerbehinderten in der Probezeit. - Rechtsanwaltskanzlei\u00a0Tieben\" \/>\n<meta property=\"og:description\" content=\"Arbeitsgericht K\u00f6ln erkl\u00e4rt Probezeitk\u00fcndigung eines schwerbehinderten Mitarbeiters wegen Diskriminierung f\u00fcr rechtswidrig.\" \/>\n<meta property=\"og:url\" content=\"https:\/\/www.mth-partner.de\/en\/labour-law-termination-of-a-severely-disabled-person-during-the-probationary-period-contrary-to-european-law\/\" \/>\n<meta property=\"og:site_name\" content=\"Rechtsanwaltskanzlei\u00a0Tieben\" \/>\n<meta property=\"article:publisher\" content=\"https:\/\/www.facebook.com\/profile.php?id=100054481000178\" \/>\n<meta property=\"article:published_time\" content=\"2025-09-06T12:23:31+00:00\" \/>\n<meta property=\"article:modified_time\" content=\"2025-12-09T18:37:58+00:00\" \/>\n<meta property=\"og:image\" content=\"https:\/\/www.mth-partner.de\/wp-content\/uploads\/Arbeitsrecht-1-1.jpg\" \/>\n\t<meta property=\"og:image:width\" content=\"1200\" \/>\n\t<meta property=\"og:image:height\" content=\"600\" \/>\n\t<meta property=\"og:image:type\" content=\"image\/jpeg\" \/>\n<meta name=\"author\" content=\"helmer\" \/>\n<meta name=\"twitter:card\" content=\"summary_large_image\" \/>\n<meta name=\"twitter:creator\" content=\"@mth_Tieben\" \/>\n<meta name=\"twitter:site\" content=\"@mth_Tieben\" \/>\n<meta name=\"twitter:label1\" content=\"Written by\" \/>\n\t<meta name=\"twitter:data1\" content=\"helmer\" \/>\n\t<meta name=\"twitter:label2\" content=\"Estimated reading time\" \/>\n\t<meta name=\"twitter:data2\" content=\"4 minutes\" \/>\n<!-- \/ Yoast SEO plugin. -->","yoast_head_json":{"title":"Labour law: Dismissal of a severely disabled person during the probationary period in violation of European law. - Law firm Tieben","description":"Cologne Labour Court declares probationary period termination of a severely disabled employee unlawful due to discrimination.","robots":{"index":"index","follow":"follow","max-snippet":"max-snippet:-1","max-image-preview":"max-image-preview:large","max-video-preview":"max-video-preview:-1"},"canonical":"https:\/\/www.mth-partner.de\/en\/labour-law-termination-of-a-severely-disabled-person-during-the-probationary-period-contrary-to-european-law\/","og_locale":"en_GB","og_type":"article","og_title":"Arbeitsrecht: Europarechtswidrige K\u00fcndigung eines Schwerbehinderten in der Probezeit. - Rechtsanwaltskanzlei\u00a0Tieben","og_description":"Arbeitsgericht K\u00f6ln erkl\u00e4rt Probezeitk\u00fcndigung eines schwerbehinderten Mitarbeiters wegen Diskriminierung f\u00fcr rechtswidrig.","og_url":"https:\/\/www.mth-partner.de\/en\/labour-law-termination-of-a-severely-disabled-person-during-the-probationary-period-contrary-to-european-law\/","og_site_name":"Rechtsanwaltskanzlei\u00a0Tieben","article_publisher":"https:\/\/www.facebook.com\/profile.php?id=100054481000178","article_published_time":"2025-09-06T12:23:31+00:00","article_modified_time":"2025-12-09T18:37:58+00:00","og_image":[{"width":1200,"height":600,"url":"https:\/\/www.mth-partner.de\/wp-content\/uploads\/Arbeitsrecht-1-1.jpg","type":"image\/jpeg"}],"author":"helmer","twitter_card":"summary_large_image","twitter_creator":"@mth_Tieben","twitter_site":"@mth_Tieben","twitter_misc":{"Written by":"helmer","Estimated reading time":"4 minutes"},"schema":{"@context":"https:\/\/schema.org","@graph":[{"@type":"Article","@id":"https:\/\/www.mth-partner.de\/arbeitsrecht-europarechtswidrige-kuendigung-eines-schwerbehinderten-in-der-probezeit\/#article","isPartOf":{"@id":"https:\/\/www.mth-partner.de\/arbeitsrecht-europarechtswidrige-kuendigung-eines-schwerbehinderten-in-der-probezeit\/"},"author":{"name":"helmer","@id":"https:\/\/www.mth-partner.de\/#\/schema\/person\/fbcf627706a8a6151cec2217af8c74b3"},"headline":"Arbeitsrecht: Europarechtswidrige K\u00fcndigung eines Schwerbehinderten in der Probezeit.","datePublished":"2025-09-06T12:23:31+00:00","dateModified":"2025-12-09T18:37:58+00:00","mainEntityOfPage":{"@id":"https:\/\/www.mth-partner.de\/arbeitsrecht-europarechtswidrige-kuendigung-eines-schwerbehinderten-in-der-probezeit\/"},"wordCount":1017,"commentCount":0,"publisher":{"@id":"https:\/\/www.mth-partner.de\/#organization"},"image":{"@id":"https:\/\/www.mth-partner.de\/arbeitsrecht-europarechtswidrige-kuendigung-eines-schwerbehinderten-in-der-probezeit\/#primaryimage"},"thumbnailUrl":"https:\/\/www.mth-partner.de\/wp-content\/uploads\/Arbeitsrecht-1-1.jpg","articleSection":["Schwerbehinderung"],"inLanguage":"en-GB","potentialAction":[{"@type":"CommentAction","name":"Comment","target":["https:\/\/www.mth-partner.de\/arbeitsrecht-europarechtswidrige-kuendigung-eines-schwerbehinderten-in-der-probezeit\/#respond"]}]},{"@type":"WebPage","@id":"https:\/\/www.mth-partner.de\/arbeitsrecht-europarechtswidrige-kuendigung-eines-schwerbehinderten-in-der-probezeit\/","url":"https:\/\/www.mth-partner.de\/arbeitsrecht-europarechtswidrige-kuendigung-eines-schwerbehinderten-in-der-probezeit\/","name":"Labour law: Dismissal of a severely disabled person during the probationary period in violation of European law. - Law firm Tieben","isPartOf":{"@id":"https:\/\/www.mth-partner.de\/#website"},"primaryImageOfPage":{"@id":"https:\/\/www.mth-partner.de\/arbeitsrecht-europarechtswidrige-kuendigung-eines-schwerbehinderten-in-der-probezeit\/#primaryimage"},"image":{"@id":"https:\/\/www.mth-partner.de\/arbeitsrecht-europarechtswidrige-kuendigung-eines-schwerbehinderten-in-der-probezeit\/#primaryimage"},"thumbnailUrl":"https:\/\/www.mth-partner.de\/wp-content\/uploads\/Arbeitsrecht-1-1.jpg","datePublished":"2025-09-06T12:23:31+00:00","dateModified":"2025-12-09T18:37:58+00:00","description":"Cologne Labour Court declares probationary period termination of a severely disabled employee unlawful due to discrimination.","breadcrumb":{"@id":"https:\/\/www.mth-partner.de\/arbeitsrecht-europarechtswidrige-kuendigung-eines-schwerbehinderten-in-der-probezeit\/#breadcrumb"},"inLanguage":"en-GB","potentialAction":[{"@type":"ReadAction","target":["https:\/\/www.mth-partner.de\/arbeitsrecht-europarechtswidrige-kuendigung-eines-schwerbehinderten-in-der-probezeit\/"]}]},{"@type":"ImageObject","inLanguage":"en-GB","@id":"https:\/\/www.mth-partner.de\/arbeitsrecht-europarechtswidrige-kuendigung-eines-schwerbehinderten-in-der-probezeit\/#primaryimage","url":"https:\/\/www.mth-partner.de\/wp-content\/uploads\/Arbeitsrecht-1-1.jpg","contentUrl":"https:\/\/www.mth-partner.de\/wp-content\/uploads\/Arbeitsrecht-1-1.jpg","width":1200,"height":600,"caption":"Arbeitsrecht-1"},{"@type":"BreadcrumbList","@id":"https:\/\/www.mth-partner.de\/arbeitsrecht-europarechtswidrige-kuendigung-eines-schwerbehinderten-in-der-probezeit\/#breadcrumb","itemListElement":[{"@type":"ListItem","position":1,"name":"Home","item":"https:\/\/www.mth-partner.de\/"},{"@type":"ListItem","position":2,"name":"Arbeitsrecht","item":"https:\/\/www.mth-partner.de\/category\/arbeitsrecht-rechtsanwalt\/"},{"@type":"ListItem","position":3,"name":"Sonderk\u00fcndigungsschutz","item":"https:\/\/www.mth-partner.de\/category\/arbeitsrecht-rechtsanwalt\/sonderkuendigungsschutz\/"},{"@type":"ListItem","position":4,"name":"Schwerbehinderung","item":"https:\/\/www.mth-partner.de\/category\/arbeitsrecht-rechtsanwalt\/sonderkuendigungsschutz\/schwerbehinderung\/"},{"@type":"ListItem","position":5,"name":"Arbeitsrecht: Europarechtswidrige K\u00fcndigung eines Schwerbehinderten in der Probezeit."}]},{"@type":"WebSite","@id":"https:\/\/www.mth-partner.de\/#website","url":"https:\/\/www.mth-partner.de\/","name":"Law firm Tieben","description":"Lawyer Tieben \/ Law firm Cologne","publisher":{"@id":"https:\/\/www.mth-partner.de\/#organization"},"potentialAction":[{"@type":"SearchAction","target":{"@type":"EntryPoint","urlTemplate":"https:\/\/www.mth-partner.de\/?s={search_term_string}"},"query-input":{"@type":"PropertyValueSpecification","valueRequired":true,"valueName":"search_term_string"}}],"inLanguage":"en-GB"},{"@type":"Organization","@id":"https:\/\/www.mth-partner.de\/#organization","name":"Law firm Tieben","url":"https:\/\/www.mth-partner.de\/","logo":{"@type":"ImageObject","inLanguage":"en-GB","@id":"https:\/\/www.mth-partner.de\/#\/schema\/logo\/image\/","url":"https:\/\/www.mth-partner.de\/wp-content\/uploads\/logo.png","contentUrl":"https:\/\/www.mth-partner.de\/wp-content\/uploads\/logo.png","width":254,"height":52,"caption":"Rechtsanwaltskanzlei\u00a0Tieben"},"image":{"@id":"https:\/\/www.mth-partner.de\/#\/schema\/logo\/image\/"},"sameAs":["https:\/\/www.facebook.com\/profile.php?id=100054481000178","https:\/\/x.com\/mth_Tieben","https:\/\/www.linkedin.com\/in\/helmer-tieben-09570226"]},{"@type":"Person","@id":"https:\/\/www.mth-partner.de\/#\/schema\/person\/fbcf627706a8a6151cec2217af8c74b3","name":"helmer","image":{"@type":"ImageObject","inLanguage":"en-GB","@id":"https:\/\/secure.gravatar.com\/avatar\/f3308295754604f18007cf9e14e5984d1b864d3edea19e3681ff8c9354cd73e8?s=96&d=mm&r=g","url":"https:\/\/secure.gravatar.com\/avatar\/f3308295754604f18007cf9e14e5984d1b864d3edea19e3681ff8c9354cd73e8?s=96&d=mm&r=g","contentUrl":"https:\/\/secure.gravatar.com\/avatar\/f3308295754604f18007cf9e14e5984d1b864d3edea19e3681ff8c9354cd73e8?s=96&d=mm&r=g","caption":"helmer"}}]}},"_links":{"self":[{"href":"https:\/\/www.mth-partner.de\/en\/wp-json\/wp\/v2\/posts\/11991","targetHints":{"allow":["GET"]}}],"collection":[{"href":"https:\/\/www.mth-partner.de\/en\/wp-json\/wp\/v2\/posts"}],"about":[{"href":"https:\/\/www.mth-partner.de\/en\/wp-json\/wp\/v2\/types\/post"}],"author":[{"embeddable":true,"href":"https:\/\/www.mth-partner.de\/en\/wp-json\/wp\/v2\/users\/4"}],"replies":[{"embeddable":true,"href":"https:\/\/www.mth-partner.de\/en\/wp-json\/wp\/v2\/comments?post=11991"}],"version-history":[{"count":4,"href":"https:\/\/www.mth-partner.de\/en\/wp-json\/wp\/v2\/posts\/11991\/revisions"}],"predecessor-version":[{"id":12449,"href":"https:\/\/www.mth-partner.de\/en\/wp-json\/wp\/v2\/posts\/11991\/revisions\/12449"}],"wp:featuredmedia":[{"embeddable":true,"href":"https:\/\/www.mth-partner.de\/en\/wp-json\/wp\/v2\/media\/12033"}],"wp:attachment":[{"href":"https:\/\/www.mth-partner.de\/en\/wp-json\/wp\/v2\/media?parent=11991"}],"wp:term":[{"taxonomy":"category","embeddable":true,"href":"https:\/\/www.mth-partner.de\/en\/wp-json\/wp\/v2\/categories?post=11991"},{"taxonomy":"post_tag","embeddable":true,"href":"https:\/\/www.mth-partner.de\/en\/wp-json\/wp\/v2\/tags?post=11991"}],"curies":[{"name":"wp","href":"https:\/\/api.w.org\/{rel}","templated":true}]}}