{"id":1342,"date":"2012-06-13T13:36:51","date_gmt":"2012-06-13T13:36:51","guid":{"rendered":"https:\/\/www.mth-partner.de\/rechtsanwaltsblog\/?p=1342"},"modified":"2025-12-29T07:34:07","modified_gmt":"2025-12-29T07:34:07","slug":"arbeitsrecht-die-aufforderung-des-arbeitgebers-an-den-arbeitnehmer-zum-erlernen-der-deutschen-sprache-stellt-keinen-verstos-gegen-das-agg-dar","status":"publish","type":"post","link":"https:\/\/www.mth-partner.de\/en\/labour-law-the-employers-request-to-the-employee-to-learn-german-does-not-constitute-a-violation-of-the-gdpr\/","title":{"rendered":"Labour law: The employer's request to the employee to learn German does not constitute a violation of the AGG."},"content":{"rendered":"<p><strong>Federal Labour Court, 22.06.2011, Ref.: 8 AZR 48\/10<\/strong><\/p>\n<p>The General Equal Treatment Act (AGG) is intended to prevent discrimination on the grounds of race, ethnic origin, religion or belief, disability, age, gender or sexual identity (see Section 1 AGG - Objective of the Act).<\/p>\n<p>The AGG is therefore playing an increasingly important role in working life in particular. Employers as well as employees and employee representatives should implement and monitor compliance with the AGG.<\/p>\n<p>If a person involved in working life nevertheless violates the AGG, they must pay compensation for the damage incurred. Not only wilful, but also negligent discrimination can lead to compensation.<\/p>\n<p>The respective employer is also liable for so-called vicarious agents (e.g. in accordance with Section 278 BGB for supervisors) and for board representatives (e.g. in accordance with Section 31 BGB for managing directors).<\/p>\n<p>Pursuant to Section 15 (4) AGG, a claim for damages under the AGG must be asserted in writing within a period of two months, unless the parties to the collective agreement have agreed otherwise.<\/p>\n<p>In the case of an application or career advancement, this period begins with the receipt of the rejection and in other cases of discrimination at the time at which the employee becomes aware of the discrimination.<\/p>\n<p>In the above-mentioned case, the Federal Labour Court had to decide whether the employer's request to the employee to attend a German course in order to acquire language skills necessary for work constituted a violation of the General Equal Treatment Act.<\/p>\n<h2><span class=\"ez-toc-section\" id=\"Hintergrund_der_Klage\"><\/span>Background to the lawsuit<span class=\"ez-toc-section-end\"><\/span><\/h2>\n<p>The plaintiff had been working in a swimming pool operated by the defendant since 1985. Her mother tongue was Croatian. She initially worked as a cleaner before being authorised to work at the cash desk over 14 years ago. This position required a sufficient command of German, as she acted as a deputy for the cashiers.<\/p>\n<h2><span class=\"ez-toc-section\" id=\"Aufforderung_zur_Sprachverbesserung\"><\/span>Request for language improvement<span class=\"ez-toc-section-end\"><\/span><\/h2>\n<p>In spring 2006, the defendant's plant manager asked the plaintiff to improve her German language skills by attending a German language course outside working hours for a fee. The defendant refused to pay the course costs. Despite the request, the plaintiff did not take part in such a course, which led to a <a href=\"https:\/\/www.mth-partner.de\/en\/receive-a-warning-letter-your-rights-as-an-employee-in-cologne\/\">Warning letter<\/a> led.<\/p>\n<h2><span class=\"ez-toc-section\" id=\"Entschadigungsforderung_und_Vorinstanzen\"><\/span>Compensation claim and lower courts<span class=\"ez-toc-section-end\"><\/span><\/h2>\n<p>The plaintiff subsequently claimed compensation of 15,000 euros for discrimination based on her ethnic origin. However, the claim was unsuccessful in all previous instances. Both the Labour Court and the Regional Labour Court did not recognise any discrimination and dismissed the claim.<\/p>\n<h2><span class=\"ez-toc-section\" id=\"Entscheidung_des_Bundesarbeitsgerichts\"><\/span>Decision of the Federal Labor Court<span class=\"ez-toc-section-end\"><\/span><\/h2>\n<p>The Federal Labour Court confirmed the decisions of the lower courts and also rejected the defendant's obligation to pay compensation. The court argued that the employer can require the completion of language courses if this is necessary for the fulfilment of work duties. Requiring employees to bear the costs themselves and to attend the course outside of working hours could be in breach of the employment contract or collective labour agreement regulations. However, this possible violation does not constitute unlawful discrimination that would trigger claims for compensation.<\/p>\n<p>Source: Federal Labor Court<\/p>\n<p><b>Important Note: The content of this article has been prepared to the best of our knowledge and belief. However, due to the complexity and constant evolution of the subject matter, we must exclude liability and warranty.<\/b> Important Notice: The content of this article has been created to the best of our knowledge and understanding. However, due to the complexity and constant changes in the subject matter, we must exclude any liability and warranty.<\/p>\n<p>If you need legal advice, feel free to call us at 0221 \u2013 80187670 or email us at info@mth-partner.de.<\/p>\n<p><a href=\"https:\/\/www.mth-partner.de\/en\/services\/employment-and-labour-law\/\">Lawyers in Cologne advise and represent you in labour law.<\/a><\/p>","protected":false},"excerpt":{"rendered":"<p>Quite rightly, employees should be better protected against discrimination in the workplace. However, employees often see supposedly normal instructions or requests from the employer as a reason to attack alleged discrimination by the employer.<\/p>","protected":false},"author":1,"featured_media":12038,"comment_status":"open","ping_status":"open","sticky":false,"template":"","format":"standard","meta":{"footnotes":""},"categories":[3640],"tags":[327,947,1749],"class_list":["post-1342","post","type-post","status-publish","format-standard","has-post-thumbnail","hentry","category-diskriminierung-agg","tag-arbeitgeber-haftung-fur-erfullungsgehilfe","tag-geschutzte-rechtsguter-agg","tag-urlaubsgesetz-agg"],"yoast_head":"<!-- This site is optimized with the Yoast SEO plugin v27.5 - https:\/\/yoast.com\/product\/yoast-seo-wordpress\/ -->\n<title>Arbeitsrecht: Die Aufforderung des Arbeitgebers an den Arbeitnehmer zum Erlernen der deutschen Sprache stellt keinen Versto\u00df gegen das AGG dar.<\/title>\n<meta name=\"description\" content=\"Das Allgemeine Gleichbehandlungsgesetz (AGG) soll insbesondere Benachteiligungen von Arbeitnehmern im Arbeitsleben verhindern.\" \/>\n<meta name=\"robots\" content=\"index, follow, max-snippet:-1, max-image-preview:large, max-video-preview:-1\" \/>\n<link rel=\"canonical\" href=\"https:\/\/www.mth-partner.de\/en\/labour-law-the-employers-request-to-the-employee-to-learn-german-does-not-constitute-a-violation-of-the-gdpr\/\" \/>\n<meta property=\"og:locale\" content=\"en_GB\" \/>\n<meta property=\"og:type\" content=\"article\" \/>\n<meta property=\"og:title\" content=\"Arbeitsrecht: Die Aufforderung des Arbeitgebers an den Arbeitnehmer zum Erlernen der deutschen Sprache stellt keinen Versto\u00df gegen das AGG dar.\" \/>\n<meta property=\"og:description\" content=\"Das Allgemeine Gleichbehandlungsgesetz (AGG) soll insbesondere Benachteiligungen von Arbeitnehmern im Arbeitsleben verhindern.\" \/>\n<meta property=\"og:url\" content=\"https:\/\/www.mth-partner.de\/en\/labour-law-the-employers-request-to-the-employee-to-learn-german-does-not-constitute-a-violation-of-the-gdpr\/\" \/>\n<meta property=\"og:site_name\" content=\"Rechtsanwaltskanzlei\u00a0Tieben\" \/>\n<meta property=\"article:publisher\" content=\"https:\/\/www.facebook.com\/profile.php?id=100054481000178\" \/>\n<meta property=\"article:published_time\" content=\"2012-06-13T13:36:51+00:00\" \/>\n<meta property=\"article:modified_time\" content=\"2025-12-29T07:34:07+00:00\" \/>\n<meta property=\"og:image\" content=\"https:\/\/www.mth-partner.de\/wp-content\/uploads\/Arbeitsrecht-1-1-1.jpg\" \/>\n\t<meta property=\"og:image:width\" content=\"1200\" \/>\n\t<meta property=\"og:image:height\" content=\"600\" \/>\n\t<meta property=\"og:image:type\" content=\"image\/jpeg\" \/>\n<meta name=\"author\" content=\"admin\" \/>\n<meta name=\"twitter:card\" content=\"summary_large_image\" \/>\n<meta name=\"twitter:creator\" content=\"@mth_Tieben\" \/>\n<meta name=\"twitter:site\" content=\"@mth_Tieben\" \/>\n<meta name=\"twitter:label1\" content=\"Written by\" \/>\n\t<meta name=\"twitter:data1\" content=\"admin\" \/>\n\t<meta name=\"twitter:label2\" content=\"Estimated reading time\" \/>\n\t<meta name=\"twitter:data2\" content=\"3 minutes\" \/>\n<!-- \/ Yoast SEO plugin. -->","yoast_head_json":{"title":"Labour law: The employer's request to the employee to learn German does not constitute a violation of the AGG.","description":"The General Equal Treatment Act (AGG) is intended in particular to prevent discrimination against employees in working life.","robots":{"index":"index","follow":"follow","max-snippet":"max-snippet:-1","max-image-preview":"max-image-preview:large","max-video-preview":"max-video-preview:-1"},"canonical":"https:\/\/www.mth-partner.de\/en\/labour-law-the-employers-request-to-the-employee-to-learn-german-does-not-constitute-a-violation-of-the-gdpr\/","og_locale":"en_GB","og_type":"article","og_title":"Arbeitsrecht: Die Aufforderung des Arbeitgebers an den Arbeitnehmer zum Erlernen der deutschen Sprache stellt keinen Versto\u00df gegen das AGG dar.","og_description":"Das Allgemeine Gleichbehandlungsgesetz (AGG) soll insbesondere Benachteiligungen von Arbeitnehmern im Arbeitsleben verhindern.","og_url":"https:\/\/www.mth-partner.de\/en\/labour-law-the-employers-request-to-the-employee-to-learn-german-does-not-constitute-a-violation-of-the-gdpr\/","og_site_name":"Rechtsanwaltskanzlei\u00a0Tieben","article_publisher":"https:\/\/www.facebook.com\/profile.php?id=100054481000178","article_published_time":"2012-06-13T13:36:51+00:00","article_modified_time":"2025-12-29T07:34:07+00:00","og_image":[{"width":1200,"height":600,"url":"https:\/\/www.mth-partner.de\/wp-content\/uploads\/Arbeitsrecht-1-1-1.jpg","type":"image\/jpeg"}],"author":"admin","twitter_card":"summary_large_image","twitter_creator":"@mth_Tieben","twitter_site":"@mth_Tieben","twitter_misc":{"Written by":"admin","Estimated reading time":"3 minutes"},"schema":{"@context":"https:\/\/schema.org","@graph":[{"@type":"Article","@id":"https:\/\/www.mth-partner.de\/arbeitsrecht-die-aufforderung-des-arbeitgebers-an-den-arbeitnehmer-zum-erlernen-der-deutschen-sprache-stellt-keinen-verstos-gegen-das-agg-dar\/#article","isPartOf":{"@id":"https:\/\/www.mth-partner.de\/arbeitsrecht-die-aufforderung-des-arbeitgebers-an-den-arbeitnehmer-zum-erlernen-der-deutschen-sprache-stellt-keinen-verstos-gegen-das-agg-dar\/"},"author":{"name":"admin","@id":"https:\/\/www.mth-partner.de\/#\/schema\/person\/5dc7cf455de54130946e3cac97f5dfbd"},"headline":"Arbeitsrecht: Die Aufforderung des Arbeitgebers an den Arbeitnehmer zum Erlernen der deutschen Sprache stellt keinen Versto\u00df gegen das AGG dar.","datePublished":"2012-06-13T13:36:51+00:00","dateModified":"2025-12-29T07:34:07+00:00","mainEntityOfPage":{"@id":"https:\/\/www.mth-partner.de\/arbeitsrecht-die-aufforderung-des-arbeitgebers-an-den-arbeitnehmer-zum-erlernen-der-deutschen-sprache-stellt-keinen-verstos-gegen-das-agg-dar\/"},"wordCount":586,"commentCount":0,"publisher":{"@id":"https:\/\/www.mth-partner.de\/#organization"},"image":{"@id":"https:\/\/www.mth-partner.de\/arbeitsrecht-die-aufforderung-des-arbeitgebers-an-den-arbeitnehmer-zum-erlernen-der-deutschen-sprache-stellt-keinen-verstos-gegen-das-agg-dar\/#primaryimage"},"thumbnailUrl":"https:\/\/www.mth-partner.de\/wp-content\/uploads\/Arbeitsrecht-1-1-1.jpg","keywords":["Arbeitgeber haftung f\u00fcr Erf\u00fcllungsgehilfe","Gesch\u00fctzte Rechtsg\u00fcter AGG","Urlaubsgesetz AGG"],"articleSection":["Diskriminierung &amp; Agg"],"inLanguage":"en-GB","potentialAction":[{"@type":"CommentAction","name":"Comment","target":["https:\/\/www.mth-partner.de\/arbeitsrecht-die-aufforderung-des-arbeitgebers-an-den-arbeitnehmer-zum-erlernen-der-deutschen-sprache-stellt-keinen-verstos-gegen-das-agg-dar\/#respond"]}]},{"@type":"WebPage","@id":"https:\/\/www.mth-partner.de\/arbeitsrecht-die-aufforderung-des-arbeitgebers-an-den-arbeitnehmer-zum-erlernen-der-deutschen-sprache-stellt-keinen-verstos-gegen-das-agg-dar\/","url":"https:\/\/www.mth-partner.de\/arbeitsrecht-die-aufforderung-des-arbeitgebers-an-den-arbeitnehmer-zum-erlernen-der-deutschen-sprache-stellt-keinen-verstos-gegen-das-agg-dar\/","name":"Labour law: The employer's request to the employee to learn German does not constitute a violation of the AGG.","isPartOf":{"@id":"https:\/\/www.mth-partner.de\/#website"},"primaryImageOfPage":{"@id":"https:\/\/www.mth-partner.de\/arbeitsrecht-die-aufforderung-des-arbeitgebers-an-den-arbeitnehmer-zum-erlernen-der-deutschen-sprache-stellt-keinen-verstos-gegen-das-agg-dar\/#primaryimage"},"image":{"@id":"https:\/\/www.mth-partner.de\/arbeitsrecht-die-aufforderung-des-arbeitgebers-an-den-arbeitnehmer-zum-erlernen-der-deutschen-sprache-stellt-keinen-verstos-gegen-das-agg-dar\/#primaryimage"},"thumbnailUrl":"https:\/\/www.mth-partner.de\/wp-content\/uploads\/Arbeitsrecht-1-1-1.jpg","datePublished":"2012-06-13T13:36:51+00:00","dateModified":"2025-12-29T07:34:07+00:00","description":"The General Equal Treatment Act (AGG) is intended in particular to prevent discrimination against employees in working life.","breadcrumb":{"@id":"https:\/\/www.mth-partner.de\/arbeitsrecht-die-aufforderung-des-arbeitgebers-an-den-arbeitnehmer-zum-erlernen-der-deutschen-sprache-stellt-keinen-verstos-gegen-das-agg-dar\/#breadcrumb"},"inLanguage":"en-GB","potentialAction":[{"@type":"ReadAction","target":["https:\/\/www.mth-partner.de\/arbeitsrecht-die-aufforderung-des-arbeitgebers-an-den-arbeitnehmer-zum-erlernen-der-deutschen-sprache-stellt-keinen-verstos-gegen-das-agg-dar\/"]}]},{"@type":"ImageObject","inLanguage":"en-GB","@id":"https:\/\/www.mth-partner.de\/arbeitsrecht-die-aufforderung-des-arbeitgebers-an-den-arbeitnehmer-zum-erlernen-der-deutschen-sprache-stellt-keinen-verstos-gegen-das-agg-dar\/#primaryimage","url":"https:\/\/www.mth-partner.de\/wp-content\/uploads\/Arbeitsrecht-1-1-1.jpg","contentUrl":"https:\/\/www.mth-partner.de\/wp-content\/uploads\/Arbeitsrecht-1-1-1.jpg","width":1200,"height":600,"caption":"Arbeitsrecht-3"},{"@type":"BreadcrumbList","@id":"https:\/\/www.mth-partner.de\/arbeitsrecht-die-aufforderung-des-arbeitgebers-an-den-arbeitnehmer-zum-erlernen-der-deutschen-sprache-stellt-keinen-verstos-gegen-das-agg-dar\/#breadcrumb","itemListElement":[{"@type":"ListItem","position":1,"name":"Home","item":"https:\/\/www.mth-partner.de\/"},{"@type":"ListItem","position":2,"name":"Arbeitsrecht","item":"https:\/\/www.mth-partner.de\/category\/arbeitsrecht-rechtsanwalt\/"},{"@type":"ListItem","position":3,"name":"Diskriminierung &amp; Agg","item":"https:\/\/www.mth-partner.de\/category\/arbeitsrecht-rechtsanwalt\/diskriminierung-agg\/"},{"@type":"ListItem","position":4,"name":"Arbeitsrecht: Die Aufforderung des Arbeitgebers an den Arbeitnehmer zum Erlernen der deutschen Sprache stellt keinen Versto\u00df gegen das AGG dar."}]},{"@type":"WebSite","@id":"https:\/\/www.mth-partner.de\/#website","url":"https:\/\/www.mth-partner.de\/","name":"Law firm Tieben","description":"Lawyer Tieben \/ Law firm Cologne","publisher":{"@id":"https:\/\/www.mth-partner.de\/#organization"},"potentialAction":[{"@type":"SearchAction","target":{"@type":"EntryPoint","urlTemplate":"https:\/\/www.mth-partner.de\/?s={search_term_string}"},"query-input":{"@type":"PropertyValueSpecification","valueRequired":true,"valueName":"search_term_string"}}],"inLanguage":"en-GB"},{"@type":"Organization","@id":"https:\/\/www.mth-partner.de\/#organization","name":"Law firm Tieben","url":"https:\/\/www.mth-partner.de\/","logo":{"@type":"ImageObject","inLanguage":"en-GB","@id":"https:\/\/www.mth-partner.de\/#\/schema\/logo\/image\/","url":"https:\/\/www.mth-partner.de\/wp-content\/uploads\/logo.png","contentUrl":"https:\/\/www.mth-partner.de\/wp-content\/uploads\/logo.png","width":254,"height":52,"caption":"Rechtsanwaltskanzlei\u00a0Tieben"},"image":{"@id":"https:\/\/www.mth-partner.de\/#\/schema\/logo\/image\/"},"sameAs":["https:\/\/www.facebook.com\/profile.php?id=100054481000178","https:\/\/x.com\/mth_Tieben","https:\/\/www.linkedin.com\/in\/helmer-tieben-09570226"]},{"@type":"Person","@id":"https:\/\/www.mth-partner.de\/#\/schema\/person\/5dc7cf455de54130946e3cac97f5dfbd","name":"admin","image":{"@type":"ImageObject","inLanguage":"en-GB","@id":"https:\/\/secure.gravatar.com\/avatar\/e5cd6a082a9610122b683548f09817f169e693adf042f28428cbf76b1ca03d2c?s=96&d=mm&r=g","url":"https:\/\/secure.gravatar.com\/avatar\/e5cd6a082a9610122b683548f09817f169e693adf042f28428cbf76b1ca03d2c?s=96&d=mm&r=g","contentUrl":"https:\/\/secure.gravatar.com\/avatar\/e5cd6a082a9610122b683548f09817f169e693adf042f28428cbf76b1ca03d2c?s=96&d=mm&r=g","caption":"admin"}}]}},"_links":{"self":[{"href":"https:\/\/www.mth-partner.de\/en\/wp-json\/wp\/v2\/posts\/1342","targetHints":{"allow":["GET"]}}],"collection":[{"href":"https:\/\/www.mth-partner.de\/en\/wp-json\/wp\/v2\/posts"}],"about":[{"href":"https:\/\/www.mth-partner.de\/en\/wp-json\/wp\/v2\/types\/post"}],"author":[{"embeddable":true,"href":"https:\/\/www.mth-partner.de\/en\/wp-json\/wp\/v2\/users\/1"}],"replies":[{"embeddable":true,"href":"https:\/\/www.mth-partner.de\/en\/wp-json\/wp\/v2\/comments?post=1342"}],"version-history":[{"count":4,"href":"https:\/\/www.mth-partner.de\/en\/wp-json\/wp\/v2\/posts\/1342\/revisions"}],"predecessor-version":[{"id":12892,"href":"https:\/\/www.mth-partner.de\/en\/wp-json\/wp\/v2\/posts\/1342\/revisions\/12892"}],"wp:featuredmedia":[{"embeddable":true,"href":"https:\/\/www.mth-partner.de\/en\/wp-json\/wp\/v2\/media\/12038"}],"wp:attachment":[{"href":"https:\/\/www.mth-partner.de\/en\/wp-json\/wp\/v2\/media?parent=1342"}],"wp:term":[{"taxonomy":"category","embeddable":true,"href":"https:\/\/www.mth-partner.de\/en\/wp-json\/wp\/v2\/categories?post=1342"},{"taxonomy":"post_tag","embeddable":true,"href":"https:\/\/www.mth-partner.de\/en\/wp-json\/wp\/v2\/tags?post=1342"}],"curies":[{"name":"wp","href":"https:\/\/api.w.org\/{rel}","templated":true}]}}