{"id":182,"date":"2011-02-16T11:51:32","date_gmt":"2011-02-16T11:51:32","guid":{"rendered":"https:\/\/www.mth-partner.de\/rechtsanwaltsblog\/?p=182"},"modified":"2025-12-29T08:25:41","modified_gmt":"2025-12-29T08:25:41","slug":"sonderkundigungsrecht-bei-schwerbehinderten-arbeitnehmern","status":"publish","type":"post","link":"https:\/\/www.mth-partner.de\/en\/labor-law-special-termination-rights-for-severely-disabled-employees\/","title":{"rendered":"Labor law: Special termination rights for severely disabled employees"},"content":{"rendered":"<p>The termination of severely disabled employees is subject to the special termination rights under the Social Code Book IX. According to \u00a7 85 SGB IX, the termination of a severely disabled employee requires the prior consent of the Integration Office.<\/p>\n<h2><span class=\"ez-toc-section\" id=\"I_Kundigungsschutz_fur_schwerbehinderte_Arbeitnehmer\"><\/span>I. Termination Protection for Severely Disabled Employees<span class=\"ez-toc-section-end\"><\/span><\/h2>\n<p>The dismissal of severely disabled employees is subject to the special right of termination under the German Social Code IX (SGB IX). According to Section 85 SGB IX, the dismissal of a severely disabled employee requires the prior consent of the Integration Office. This special protection against dismissal is intended to ensure that severely disabled people do not lose their jobs without further ado due to their special situation. The <a href=\"https:\/\/www.mth-partner.de\/en\/receive-your-72-hour-emergency-plan\/\">Protection against dismissal<\/a> applies to both ordinary and extraordinary terminations. A dismissal is generally invalid without the approval of the Integration Office.<\/p>\n<h2><span class=\"ez-toc-section\" id=\"II_Definition_der_Schwerbehinderung\"><\/span>II. Definition of Severe Disability<span class=\"ez-toc-section-end\"><\/span><\/h2>\n<p>According to \u00a7 2 (2) SGB IX, a person is considered severely disabled if they have a degree of disability of at least 50%. Individuals with a degree of disability of less than 50% but at least 30% can, according to \u00a7 2 (3) SGB IX, be treated as severely disabled upon application to the Employment Agency. This equal status is mainly granted when the disabled person, due to their impairment, would otherwise not be able to find or retain suitable employment without it.<\/p>\n<p>It is important to note that the consent of the Integration Office is required even if the severe disability has not yet been formally recognized by an official decision. What matters is the actual degree of disability. In the case of equal status granted by the Employment Agency, the decision has a constitutive effect, meaning that the status of severe disability only takes effect upon the granting of equal status. However, the protection applies retroactively from the day the application was submitted (\u00a7 68 (2) sentence 2 SGB IX).<\/p>\n<h2><span class=\"ez-toc-section\" id=\"III_Umfang_des_Sonderkundigungsschutzes\"><\/span>III. Scope of Special Termination Protection<span class=\"ez-toc-section-end\"><\/span><\/h2>\n<p>The special termination protection under SGB IX applies even if the employer was unaware of the severe disability at the time of termination. However, to prevent abuse, the courts require that the employee must have filed the application for the determination of the disability at least three weeks before the termination and informed the employer about the disability or the application within one month of receiving the notice of termination.<\/p>\n<p>These regulations ensure that severely disabled individuals are not disadvantaged, while also preventing abuse by filing applications solely for the purpose of obtaining termination protection. Exceptions to the special termination protection exist under \u00a7 90 (2a) SGB IX, if the severe disability is not proven or if the employee does not sufficiently cooperate in the determination process.<\/p>\n<h2><span class=\"ez-toc-section\" id=\"IV_Entscheidung_des_Integrationsamtes\"><\/span>IV. Decision of the Integration Office<span class=\"ez-toc-section-end\"><\/span><\/h2>\n<p>The Integration Office examines whether consent for a termination can be granted. In doing so, the interests of the severely disabled employee in keeping their job are weighed against the employer\u2019s interests. Factors considered include the type and severity of the disability, the employee\u2019s age, length of service, and the employer\u2019s financial situation. It is also examined whether the termination is related to the disability or if other reasons, such as employee misconduct, are the primary cause.<\/p>\n<p>In general, the protection against dismissal is weaker if the reasons for the termination are not related to the disability. For example, in cases of termination due to misconduct, severely disabled employees are almost treated the same as non-disabled employees, provided there is no direct link to the disability.<\/p>\n<h2><span class=\"ez-toc-section\" id=\"V_Fristen_und_Rechtsmittel\"><\/span>V. Deadlines and Legal Remedies<span class=\"ez-toc-section-end\"><\/span><\/h2>\n<p>The Integration Office must decide within one month of receiving the application in the case of ordinary termination, according to \u00a7 88 (1) SGB IX. For extraordinary terminations, the deadline is shortened to two weeks (\u00a7 91 (3) SGB IX). If the Integration Office fails to meet this deadline, the consent to the termination is deemed to have been granted. These deadlines are intended to ensure a prompt decision so that both parties have planning security.<\/p>\n<p>Since the consent is an administrative act, both the employer and the employee can appeal the decision. This provides both parties with the opportunity to seek judicial review of the decision. In particular, when consent is denied, the employer has the option to challenge the decision in court to protect their interests.<\/p>\n<p><img fetchpriority=\"high\" decoding=\"async\" width=\"1979\" height=\"1380\" class=\"alignnone size-full wp-image-9700\" src=\"https:\/\/www.mth-partner.de\/wp-content\/uploads\/Schwerbehinderung.png\" alt=\"Protection against dismissal for severe disability\" srcset=\"https:\/\/www.mth-partner.de\/wp-content\/uploads\/Schwerbehinderung.png 1979w, https:\/\/www.mth-partner.de\/wp-content\/uploads\/Schwerbehinderung-600x418.png 600w, https:\/\/www.mth-partner.de\/wp-content\/uploads\/Schwerbehinderung-250x174.png 250w, https:\/\/www.mth-partner.de\/wp-content\/uploads\/Schwerbehinderung-700x488.png 700w, https:\/\/www.mth-partner.de\/wp-content\/uploads\/Schwerbehinderung-768x536.png 768w, https:\/\/www.mth-partner.de\/wp-content\/uploads\/Schwerbehinderung-1536x1071.png 1536w, https:\/\/www.mth-partner.de\/wp-content\/uploads\/Schwerbehinderung-120x84.png 120w\" sizes=\"(max-width: 1979px) 100vw, 1979px\" \/><\/p>\n<p><b>Important Note: The content of this article has been prepared to the best of our knowledge and belief. However, due to the complexity and constant evolution of the subject matter, we must exclude liability and warranty.<\/b> Important Notice: The content of this article has been created to the best of our knowledge and understanding. However, due to the complexity and constant changes in the subject matter, we must exclude any liability and warranty.<\/p>\n<p>If you need legal advice, feel free to call us at 0221 \u2013 80187670 or email us at info@mth-partner.de.<\/p>\n<p><a href=\"https:\/\/www.mth-partner.de\/en\/services\/employment-and-labour-law\/\">Lawyers from Cologne advise clients nationwide on labour law.<\/a><\/p>","protected":false},"excerpt":{"rendered":"<p>Due to the legal and factual circumstances of employment relationships, German labour law provides for various special protection against dismissal laws, which are intended to protect employees from dismissal in certain situations. <\/p>","protected":false},"author":1,"featured_media":12038,"comment_status":"open","ping_status":"open","sticky":false,"template":"","format":"standard","meta":{"footnotes":""},"categories":[3636],"tags":[1145,1150,1163,2522],"class_list":["post-182","post","type-post","status-publish","format-standard","has-post-thumbnail","hentry","category-schwerbehinderung","tag-kundigung-schwerbehinderung","tag-kundigung-von-schwerbehinderten-arbeitnehmern","tag-kundigungsschutzgesetz","tag-rechtsanwalt-koeln-schwerbehindertenrecht"],"yoast_head":"<!-- This site is optimized with the Yoast SEO plugin v27.5 - https:\/\/yoast.com\/product\/yoast-seo-wordpress\/ -->\n<title>Sonderk\u00fcndigungsrecht bei schwerbehinderten Arbeitnehmern<\/title>\n<meta name=\"description\" content=\"Die K\u00fcndigung von schwerbehinderten Arbeitnehmern untersteht dem Sonderk\u00fcndigungsrecht des Sozialgesetzbuches IX\" \/>\n<meta name=\"robots\" content=\"index, follow, max-snippet:-1, max-image-preview:large, max-video-preview:-1\" \/>\n<link rel=\"canonical\" href=\"https:\/\/www.mth-partner.de\/en\/labor-law-special-termination-rights-for-severely-disabled-employees\/\" \/>\n<meta property=\"og:locale\" content=\"en_GB\" \/>\n<meta property=\"og:type\" content=\"article\" \/>\n<meta property=\"og:title\" content=\"Sonderk\u00fcndigungsrecht bei schwerbehinderten Arbeitnehmern\" \/>\n<meta property=\"og:description\" content=\"Die K\u00fcndigung von schwerbehinderten Arbeitnehmern untersteht dem Sonderk\u00fcndigungsrecht des Sozialgesetzbuches IX\" \/>\n<meta property=\"og:url\" content=\"https:\/\/www.mth-partner.de\/en\/labor-law-special-termination-rights-for-severely-disabled-employees\/\" \/>\n<meta property=\"og:site_name\" content=\"Rechtsanwaltskanzlei\u00a0Tieben\" \/>\n<meta property=\"article:publisher\" content=\"https:\/\/www.facebook.com\/profile.php?id=100054481000178\" \/>\n<meta property=\"article:published_time\" content=\"2011-02-16T11:51:32+00:00\" \/>\n<meta property=\"article:modified_time\" content=\"2025-12-29T08:25:41+00:00\" \/>\n<meta property=\"og:image\" content=\"https:\/\/www.mth-partner.de\/wp-content\/uploads\/Arbeitsrecht-1-1-1.jpg\" \/>\n\t<meta property=\"og:image:width\" content=\"1200\" \/>\n\t<meta property=\"og:image:height\" content=\"600\" \/>\n\t<meta property=\"og:image:type\" content=\"image\/jpeg\" \/>\n<meta name=\"author\" content=\"admin\" \/>\n<meta name=\"twitter:card\" content=\"summary_large_image\" \/>\n<meta name=\"twitter:creator\" content=\"@mth_Tieben\" \/>\n<meta name=\"twitter:site\" content=\"@mth_Tieben\" \/>\n<meta name=\"twitter:label1\" content=\"Written by\" \/>\n\t<meta name=\"twitter:data1\" content=\"admin\" \/>\n\t<meta name=\"twitter:label2\" content=\"Estimated reading time\" \/>\n\t<meta name=\"twitter:data2\" content=\"4 minutes\" \/>\n<!-- \/ Yoast SEO plugin. -->","yoast_head_json":{"title":"Special right of cancellation for severely disabled employees","description":"The dismissal of severely disabled employees is subject to the special right of termination under the German Social Security Code IX","robots":{"index":"index","follow":"follow","max-snippet":"max-snippet:-1","max-image-preview":"max-image-preview:large","max-video-preview":"max-video-preview:-1"},"canonical":"https:\/\/www.mth-partner.de\/en\/labor-law-special-termination-rights-for-severely-disabled-employees\/","og_locale":"en_GB","og_type":"article","og_title":"Sonderk\u00fcndigungsrecht bei schwerbehinderten Arbeitnehmern","og_description":"Die K\u00fcndigung von schwerbehinderten Arbeitnehmern untersteht dem Sonderk\u00fcndigungsrecht des Sozialgesetzbuches IX","og_url":"https:\/\/www.mth-partner.de\/en\/labor-law-special-termination-rights-for-severely-disabled-employees\/","og_site_name":"Rechtsanwaltskanzlei\u00a0Tieben","article_publisher":"https:\/\/www.facebook.com\/profile.php?id=100054481000178","article_published_time":"2011-02-16T11:51:32+00:00","article_modified_time":"2025-12-29T08:25:41+00:00","og_image":[{"width":1200,"height":600,"url":"https:\/\/www.mth-partner.de\/wp-content\/uploads\/Arbeitsrecht-1-1-1.jpg","type":"image\/jpeg"}],"author":"admin","twitter_card":"summary_large_image","twitter_creator":"@mth_Tieben","twitter_site":"@mth_Tieben","twitter_misc":{"Written by":"admin","Estimated reading time":"4 minutes"},"schema":{"@context":"https:\/\/schema.org","@graph":[{"@type":"Article","@id":"https:\/\/www.mth-partner.de\/sonderkundigungsrecht-bei-schwerbehinderten-arbeitnehmern\/#article","isPartOf":{"@id":"https:\/\/www.mth-partner.de\/sonderkundigungsrecht-bei-schwerbehinderten-arbeitnehmern\/"},"author":{"name":"admin","@id":"https:\/\/www.mth-partner.de\/#\/schema\/person\/5dc7cf455de54130946e3cac97f5dfbd"},"headline":"Arbeitsrecht: Sonderk\u00fcndigungsrecht bei schwerbehinderten Arbeitnehmern","datePublished":"2011-02-16T11:51:32+00:00","dateModified":"2025-12-29T08:25:41+00:00","mainEntityOfPage":{"@id":"https:\/\/www.mth-partner.de\/sonderkundigungsrecht-bei-schwerbehinderten-arbeitnehmern\/"},"wordCount":735,"commentCount":1,"publisher":{"@id":"https:\/\/www.mth-partner.de\/#organization"},"image":{"@id":"https:\/\/www.mth-partner.de\/sonderkundigungsrecht-bei-schwerbehinderten-arbeitnehmern\/#primaryimage"},"thumbnailUrl":"https:\/\/www.mth-partner.de\/wp-content\/uploads\/Arbeitsrecht-1-1-1.jpg","keywords":["K\u00fcndigung schwerbehinderung","K\u00fcndigung von schwerbehinderten Arbeitnehmern","K\u00fcndigungsschutzgesetz","Rechtsanwalt K\u00f6ln Schwerbehindertenrecht"],"articleSection":["Schwerbehinderung"],"inLanguage":"en-GB","potentialAction":[{"@type":"CommentAction","name":"Comment","target":["https:\/\/www.mth-partner.de\/sonderkundigungsrecht-bei-schwerbehinderten-arbeitnehmern\/#respond"]}]},{"@type":"WebPage","@id":"https:\/\/www.mth-partner.de\/sonderkundigungsrecht-bei-schwerbehinderten-arbeitnehmern\/","url":"https:\/\/www.mth-partner.de\/sonderkundigungsrecht-bei-schwerbehinderten-arbeitnehmern\/","name":"Special right of cancellation for severely disabled employees","isPartOf":{"@id":"https:\/\/www.mth-partner.de\/#website"},"primaryImageOfPage":{"@id":"https:\/\/www.mth-partner.de\/sonderkundigungsrecht-bei-schwerbehinderten-arbeitnehmern\/#primaryimage"},"image":{"@id":"https:\/\/www.mth-partner.de\/sonderkundigungsrecht-bei-schwerbehinderten-arbeitnehmern\/#primaryimage"},"thumbnailUrl":"https:\/\/www.mth-partner.de\/wp-content\/uploads\/Arbeitsrecht-1-1-1.jpg","datePublished":"2011-02-16T11:51:32+00:00","dateModified":"2025-12-29T08:25:41+00:00","description":"The dismissal of severely disabled employees is subject to the special right of termination under the German Social Security Code IX","breadcrumb":{"@id":"https:\/\/www.mth-partner.de\/sonderkundigungsrecht-bei-schwerbehinderten-arbeitnehmern\/#breadcrumb"},"inLanguage":"en-GB","potentialAction":[{"@type":"ReadAction","target":["https:\/\/www.mth-partner.de\/sonderkundigungsrecht-bei-schwerbehinderten-arbeitnehmern\/"]}]},{"@type":"ImageObject","inLanguage":"en-GB","@id":"https:\/\/www.mth-partner.de\/sonderkundigungsrecht-bei-schwerbehinderten-arbeitnehmern\/#primaryimage","url":"https:\/\/www.mth-partner.de\/wp-content\/uploads\/Arbeitsrecht-1-1-1.jpg","contentUrl":"https:\/\/www.mth-partner.de\/wp-content\/uploads\/Arbeitsrecht-1-1-1.jpg","width":1200,"height":600,"caption":"Arbeitsrecht-3"},{"@type":"BreadcrumbList","@id":"https:\/\/www.mth-partner.de\/sonderkundigungsrecht-bei-schwerbehinderten-arbeitnehmern\/#breadcrumb","itemListElement":[{"@type":"ListItem","position":1,"name":"Home","item":"https:\/\/www.mth-partner.de\/"},{"@type":"ListItem","position":2,"name":"Arbeitsrecht","item":"https:\/\/www.mth-partner.de\/category\/arbeitsrecht-rechtsanwalt\/"},{"@type":"ListItem","position":3,"name":"Sonderk\u00fcndigungsschutz","item":"https:\/\/www.mth-partner.de\/category\/arbeitsrecht-rechtsanwalt\/sonderkuendigungsschutz\/"},{"@type":"ListItem","position":4,"name":"Schwerbehinderung","item":"https:\/\/www.mth-partner.de\/category\/arbeitsrecht-rechtsanwalt\/sonderkuendigungsschutz\/schwerbehinderung\/"},{"@type":"ListItem","position":5,"name":"Arbeitsrecht: Sonderk\u00fcndigungsrecht bei schwerbehinderten Arbeitnehmern"}]},{"@type":"WebSite","@id":"https:\/\/www.mth-partner.de\/#website","url":"https:\/\/www.mth-partner.de\/","name":"Law firm Tieben","description":"Lawyer Tieben \/ Law firm Cologne","publisher":{"@id":"https:\/\/www.mth-partner.de\/#organization"},"potentialAction":[{"@type":"SearchAction","target":{"@type":"EntryPoint","urlTemplate":"https:\/\/www.mth-partner.de\/?s={search_term_string}"},"query-input":{"@type":"PropertyValueSpecification","valueRequired":true,"valueName":"search_term_string"}}],"inLanguage":"en-GB"},{"@type":"Organization","@id":"https:\/\/www.mth-partner.de\/#organization","name":"Law firm Tieben","url":"https:\/\/www.mth-partner.de\/","logo":{"@type":"ImageObject","inLanguage":"en-GB","@id":"https:\/\/www.mth-partner.de\/#\/schema\/logo\/image\/","url":"https:\/\/www.mth-partner.de\/wp-content\/uploads\/logo.png","contentUrl":"https:\/\/www.mth-partner.de\/wp-content\/uploads\/logo.png","width":254,"height":52,"caption":"Rechtsanwaltskanzlei\u00a0Tieben"},"image":{"@id":"https:\/\/www.mth-partner.de\/#\/schema\/logo\/image\/"},"sameAs":["https:\/\/www.facebook.com\/profile.php?id=100054481000178","https:\/\/x.com\/mth_Tieben","https:\/\/www.linkedin.com\/in\/helmer-tieben-09570226"]},{"@type":"Person","@id":"https:\/\/www.mth-partner.de\/#\/schema\/person\/5dc7cf455de54130946e3cac97f5dfbd","name":"admin","image":{"@type":"ImageObject","inLanguage":"en-GB","@id":"https:\/\/secure.gravatar.com\/avatar\/e5cd6a082a9610122b683548f09817f169e693adf042f28428cbf76b1ca03d2c?s=96&d=mm&r=g","url":"https:\/\/secure.gravatar.com\/avatar\/e5cd6a082a9610122b683548f09817f169e693adf042f28428cbf76b1ca03d2c?s=96&d=mm&r=g","contentUrl":"https:\/\/secure.gravatar.com\/avatar\/e5cd6a082a9610122b683548f09817f169e693adf042f28428cbf76b1ca03d2c?s=96&d=mm&r=g","caption":"admin"}}]}},"_links":{"self":[{"href":"https:\/\/www.mth-partner.de\/en\/wp-json\/wp\/v2\/posts\/182","targetHints":{"allow":["GET"]}}],"collection":[{"href":"https:\/\/www.mth-partner.de\/en\/wp-json\/wp\/v2\/posts"}],"about":[{"href":"https:\/\/www.mth-partner.de\/en\/wp-json\/wp\/v2\/types\/post"}],"author":[{"embeddable":true,"href":"https:\/\/www.mth-partner.de\/en\/wp-json\/wp\/v2\/users\/1"}],"replies":[{"embeddable":true,"href":"https:\/\/www.mth-partner.de\/en\/wp-json\/wp\/v2\/comments?post=182"}],"version-history":[{"count":4,"href":"https:\/\/www.mth-partner.de\/en\/wp-json\/wp\/v2\/posts\/182\/revisions"}],"predecessor-version":[{"id":12916,"href":"https:\/\/www.mth-partner.de\/en\/wp-json\/wp\/v2\/posts\/182\/revisions\/12916"}],"wp:featuredmedia":[{"embeddable":true,"href":"https:\/\/www.mth-partner.de\/en\/wp-json\/wp\/v2\/media\/12038"}],"wp:attachment":[{"href":"https:\/\/www.mth-partner.de\/en\/wp-json\/wp\/v2\/media?parent=182"}],"wp:term":[{"taxonomy":"category","embeddable":true,"href":"https:\/\/www.mth-partner.de\/en\/wp-json\/wp\/v2\/categories?post=182"},{"taxonomy":"post_tag","embeddable":true,"href":"https:\/\/www.mth-partner.de\/en\/wp-json\/wp\/v2\/tags?post=182"}],"curies":[{"name":"wp","href":"https:\/\/api.w.org\/{rel}","templated":true}]}}