{"id":3087,"date":"2013-06-02T07:19:13","date_gmt":"2013-06-02T07:19:13","guid":{"rendered":"https:\/\/www.mth-partner.de\/?p=3087"},"modified":"2025-10-28T07:14:22","modified_gmt":"2025-10-28T07:14:22","slug":"eingliederungshilfe-kostenuebernahme-fuer-einen-schwenkbaren-autositz-im-rahmen-der-eingliederungshilfe","status":"publish","type":"post","link":"https:\/\/www.mth-partner.de\/en\/integration-assistance-costs-for-a-swivelling-car-seat-within-the-framework-of-integration-assistance\/","title":{"rendered":"Integration assistance: assumption of costs for a swivelling car seat as part of integration assistance"},"content":{"rendered":"<p><b>Federal Social Court, 02.02.2012, Ref.: B 8 SO 9\/10 R<br \/>\n<\/b><\/p>\n<p>&nbsp;<\/p>\n<p>Integration assistance for people with disabilities is a social welfare benefit whose law is standardised in the Twelfth Book of the German Social Code (SGB XII).<\/p>\n<p>Under certain conditions, people with disabilities are entitled to integration assistance if they are not only temporarily mentally, emotionally or physically disabled or at risk of such a disability.<\/p>\n<p>In accordance with the principles of social welfare law, integration assistance was designed as a subordinate benefit. This means that all benefits from all other service providers, such as health insurance funds or other insurance providers, must be exhausted before integration assistance benefits are utilised.<\/p>\n<p>The following measures may be covered by integration assistance:<\/p>\n<ul>\n<li style=\"list-style-type: none;\">\n<ul>\n<li style=\"list-style-type: none;\">\n<ul>\n<li>Integrative support for children who are not yet of school age<\/li>\n<li>School support measures for school-age children<\/li>\n<li>Support measures for training for other appropriate work<\/li>\n<li>Support measures for obtaining a suitable job (e.g. workshops for people with disabilities)<\/li>\n<li>Medical measures to prevent, eliminate or alleviate the disability<\/li>\n<li>Help with participation in community life (e.g. outpatient assisted living, residential centres for people with disabilities)<\/li>\n<li>So-called mobility aid<\/li>\n<\/ul>\n<\/li>\n<\/ul>\n<\/li>\n<\/ul>\n<p>In the above-mentioned case before the Federal Social Court, the parties disputed whether the Rhineland Regional Association, as the defendant, was obliged to pay mobility assistance in the amount of 7934.76 euros for the purchase and installation of a swivelling car seat.<\/p>\n<h2><span class=\"ez-toc-section\" id=\"Sachverhalt_des_gerichtlichen_Verfahrens\"><\/span><b>Facts of the Case:<\/b><span class=\"ez-toc-section-end\"><\/span><\/h2>\n<h3><span class=\"ez-toc-section\" id=\"Die_Klagerin_war_blind_schwerhorig_und_teilweise_gelahmt\"><\/span>The plaintiff was blind, hard of hearing and partially paralysed<span class=\"ez-toc-section-end\"><\/span><\/h3>\n<p>The plaintiff, born in 1984, was blind, hard of hearing and partially paralysed (degree of disability of 100; characteristics \"G\", \"aG\", \"H\", \"RF\" and \"Bl\"); she received home care benefits from the care insurance fund in accordance with care level III.<\/p>\n<p>The plaintiff lived in the town of H\u00fc, which belongs to the district of H, and worked in a workshop for disabled people (WfbM). The costs of the transport service for the journey between home and the sheltered workshop were borne by the defendant; for private journeys, a transport service for the disabled was set up at the expense of the district of H, which the claimant used (up to four journeys per month, each covering a distance of up to 35 km).<\/p>\n<h3><span class=\"ez-toc-section\" id=\"Klagerin_begehrte_Ubernahme_der_Kosten_fur_den_Einbau_eines_schwenkbaren_Autositzes\"><\/span>Plaintiff requested assumption of the costs for the installation of a swivelling car seat<span class=\"ez-toc-section-end\"><\/span><\/h3>\n<p>At the beginning of March 2004, the plaintiff contacted the statutory health insurance fund (KK) responsible for her because of the conversion for the disabled of a new car she had already ordered and delivered at the end of April 2004 at a price of 29,815.19 euros, but also applied for the costs for the installation of a swivelling car seat to be covered in a letter submitted to the city of H\u00fc, received by the district of H on 22 March 2004 and forwarded to the defendant on 26 March 2004.<\/p>\n<p>At that time, in addition to the benefits from the social care insurance, the plaintiff received a blind person's allowance of 441.50 euros in accordance with the (North Rhine-Westphalian) law on assistance for the blind and deaf and a training allowance of 67 euros per month from the Federal Employment Agency (until 22 September 2004).<\/p>\n<p>At the end of 2004, she was granted basic security benefits in old age and in the event of reduced earning capacity as well as assistance with care in accordance with the Federal Social Assistance Act (BSHG) with retroactive effect from 1 April 2004. At the end of April 2004, the claimant had a current account balance of 24,362.17 euros, a savings account balance of 86.48 euros, securities with a value of 3529.56 euros and 10,000 euros that she had received as a loan from her parents.<\/p>\n<p>The plaintiff was also the owner of an (older) car, which she sold at the beginning of May 2004 at a price of 8,500 euros; at the same time, she commissioned a company to convert the new car at a price of 10,051.08 euros.<\/p>\n<h3><span class=\"ez-toc-section\" id=\"Sowohl_Krankenkasse_als_auch_LVR_lehnten_Ubernahme_der_Umbaukosten_ab\"><\/span>Both the health insurance company and the LVR refused to cover the conversion costs<span class=\"ez-toc-section-end\"><\/span><\/h3>\n<p>After the health insurance fund had already refused to cover the costs of converting the car for the disabled, the defendant, Landschaftsverband Rheinland, also refused to pay the benefit because, in its opinion, the plaintiff had sufficient assets and had already covered her needs herself.<\/p>\n<p>An appeal against this decision filed with the Social Court of Aachen was rejected in a judgement dated 8 August 2007, and the appeal filed with the Regional Social Court of North Rhine-Westphalia was rejected in a judgement dated 22 February 2010.<\/p>\n<p>The plaintiff lodged an appeal against these decisions with the Federal Social Court and applied for the judgements of the LSG and the SG as well as the refusal of the defendant in the form of the objection notice to be set aside and for the defendant to be ordered to pay her 7934.76 euros.<\/p>\n<h2><span class=\"ez-toc-section\" id=\"Entscheidung_des_Bundessozialgerichts\"><\/span><b>Decision of the Federal Social Court<\/b><span class=\"ez-toc-section-end\"><\/span><\/h2>\n<p>The Federal Social Court partially followed the plaintiff's opinion and ruled that the plaintiff's appeal was justified in the sense that the LSG judgement was set aside and the case was referred back to this court, as the proceedings had suffered from a procedural defect that had to be observed ex officio and the LSG's factual findings (Section 163 SGG) were not sufficient for a final decision.<\/p>\n<h3><span class=\"ez-toc-section\" id=\"Wegen_eines_Verfahrensmangels_verwies_das_BSG_an_die_Vorinstanz_zuruck\"><\/span>The BSG referred the case back to the lower court due to a procedural defect<span class=\"ez-toc-section-end\"><\/span><\/h3>\n<p>The procedural defect to be observed ex officio in the present case was that the City of H\u00fc (or the health insurance fund) was not summoned to attend the hearing in accordance with Section 14 SGB IX.<\/p>\n<p>According to \u00a7 75 para. 2 sentence 1 first alternative SGG, third parties are to be summoned if they are involved in the legal relationship in dispute in such a way that the decision can only be made uniformly against them.<\/p>\n<p>In the present case, this is to be affirmed for the city of H\u00fc, but possibly also for the health insurance fund; the Regional Social Court will have to examine this again.<\/p>\n<p>Whether the claimant's entitlement was not already excluded due to her income and financial circumstances pursuant to \u00a7 28 para. 1 sentence 1 BSHG in conjunction with \u00a7\u00a7 79 ff BSHG could not be assessed by the BSG on the basis of the factual findings of the LSG.<\/p>\n<h3><span class=\"ez-toc-section\" id=\"Vorinstanz_habe_zu_prufen_ob_die_Klagerin_auf_den_PKW_und_dessen_Umbau_angewiesen_sei\"><\/span>The lower court had to examine whether the plaintiff was dependent on the car and its conversion<span class=\"ez-toc-section-end\"><\/span><\/h3>\n<p>According to \u00a7 28 para. 1 sentence 1 BSHG, assistance in special circumstances is (only) granted if the person seeking assistance cannot reasonably be expected to raise the funds from their income and assets in accordance with \u00a7\u00a7 79 to 89 BSHG. The LSG therefore had to re-examine whether the claimant was dependent on a new car worth around EUR 30,000 and whether a used car would not have sufficed.<\/p>\n<p>The question of whether the plaintiff fulfils the eligibility requirements of \u00a7\u00a7 39, 40 para. 1 sentence 1 BSHG in conjunction with \u00a7 55 para. 2 no. 1 SGB IX and \u00a7 9 para. 2 no. 11 Eingliederungshilfe-VO on the merits can also not be assessed by the BSG according to the factual findings of the LSG and must therefore be redetermined by the LSG.<\/p>\n<p>In particular, this also concerns the question of whether the plaintiff is generally dependent on a motor vehicle within the meaning of \u00a7 9 para. 2 no. 11 of the Integration Assistance Ordinance. This is primarily assessed according to the meaning and purpose of integration assistance, which is to eliminate or alleviate an existing disability or its consequences and to integrate the disabled person into society (\u00a7 39 para. 3 BSHG).<\/p>\n<p>Source: Federal Social Court<\/p>\n<p><a href=\"https:\/\/www.mth-partner.de\/en\/services\/social-law\/\">Lawyers in Cologne advise and represent you in social law.<\/a><\/p>\n<p><b>Important Note: The content of this article has been prepared to the best of our knowledge and belief. However, due to the complexity and constant evolution of the subject matter, we must exclude liability and warranty.<\/b> Important Notice: The content of this article has been created to the best of our knowledge and understanding. However, due to the complexity and constant changes in the subject matter, we must exclude any liability and warranty.<\/p>\n<p>If you need legal advice, feel free to call us at 0221 \u2013 80187670 or email us at info@mth-partner.de.<\/p>","protected":false},"excerpt":{"rendered":"<p>Whether and under what conditions the costs for the purchase and conversion of a car are covered by the service provider as part of integration assistance has often been the subject of court judgements. <\/p>","protected":false},"author":4,"featured_media":11739,"comment_status":"open","ping_status":"open","sticky":false,"template":"","format":"standard","meta":{"footnotes":""},"categories":[38],"tags":[2548,2525,2527],"class_list":["post-3087","post","type-post","status-publish","format-standard","has-post-thumbnail","hentry","category-erbrecht-anwalt","tag-rechtsanwalt-koeln-eingliederungshilfe","tag-rechtsanwalt-koeln-sgb","tag-rechtsanwalt-koeln-sozialhilfe"],"yoast_head":"<!-- This site is optimized with the Yoast SEO plugin v27.5 - https:\/\/yoast.com\/product\/yoast-seo-wordpress\/ -->\n<title>Eingliederungshilfe: Kosten\u00fcbernahme f\u00fcr einen schwenkbaren Autositz im Rahmen der Eingliederungshilfe<\/title>\n<meta name=\"description\" content=\"Auch sogenannte Mobilit\u00e4tshilfen k\u00f6nnen von den Leistungen der Eingliederungshilfe f\u00fcr behinderte Menschen umfasst sein.\" \/>\n<meta name=\"robots\" content=\"index, follow, max-snippet:-1, max-image-preview:large, max-video-preview:-1\" \/>\n<link rel=\"canonical\" href=\"https:\/\/www.mth-partner.de\/en\/integration-assistance-costs-for-a-swivelling-car-seat-within-the-framework-of-integration-assistance\/\" \/>\n<meta property=\"og:locale\" content=\"en_GB\" \/>\n<meta property=\"og:type\" content=\"article\" \/>\n<meta property=\"og:title\" content=\"Eingliederungshilfe: Kosten\u00fcbernahme f\u00fcr einen schwenkbaren Autositz im Rahmen der Eingliederungshilfe\" \/>\n<meta property=\"og:description\" content=\"Auch sogenannte Mobilit\u00e4tshilfen k\u00f6nnen von den Leistungen der Eingliederungshilfe f\u00fcr behinderte Menschen umfasst sein.\" \/>\n<meta property=\"og:url\" content=\"https:\/\/www.mth-partner.de\/en\/integration-assistance-costs-for-a-swivelling-car-seat-within-the-framework-of-integration-assistance\/\" \/>\n<meta property=\"og:site_name\" content=\"Rechtsanwaltskanzlei\u00a0Tieben\" \/>\n<meta property=\"article:publisher\" content=\"https:\/\/www.facebook.com\/profile.php?id=100054481000178\" \/>\n<meta property=\"article:published_time\" content=\"2013-06-02T07:19:13+00:00\" \/>\n<meta property=\"article:modified_time\" content=\"2025-10-28T07:14:22+00:00\" \/>\n<meta property=\"og:image\" content=\"https:\/\/www.mth-partner.de\/wp-content\/uploads\/Erbrecht.jpeg\" \/>\n\t<meta property=\"og:image:width\" content=\"1200\" \/>\n\t<meta property=\"og:image:height\" content=\"600\" \/>\n\t<meta property=\"og:image:type\" content=\"image\/jpeg\" \/>\n<meta name=\"author\" content=\"helmer\" \/>\n<meta name=\"twitter:card\" content=\"summary_large_image\" \/>\n<meta name=\"twitter:creator\" content=\"@mth_Tieben\" \/>\n<meta name=\"twitter:site\" content=\"@mth_Tieben\" \/>\n<meta name=\"twitter:label1\" content=\"Written by\" \/>\n\t<meta name=\"twitter:data1\" content=\"helmer\" \/>\n\t<meta name=\"twitter:label2\" content=\"Estimated reading time\" \/>\n\t<meta name=\"twitter:data2\" content=\"6 minutes\" \/>\n<!-- \/ Yoast SEO plugin. -->","yoast_head_json":{"title":"Integration assistance: assumption of costs for a swivelling car seat as part of integration assistance","description":"Mobility aids can also be covered by integration assistance for people with disabilities.","robots":{"index":"index","follow":"follow","max-snippet":"max-snippet:-1","max-image-preview":"max-image-preview:large","max-video-preview":"max-video-preview:-1"},"canonical":"https:\/\/www.mth-partner.de\/en\/integration-assistance-costs-for-a-swivelling-car-seat-within-the-framework-of-integration-assistance\/","og_locale":"en_GB","og_type":"article","og_title":"Eingliederungshilfe: Kosten\u00fcbernahme f\u00fcr einen schwenkbaren Autositz im Rahmen der Eingliederungshilfe","og_description":"Auch sogenannte Mobilit\u00e4tshilfen k\u00f6nnen von den Leistungen der Eingliederungshilfe f\u00fcr behinderte Menschen umfasst sein.","og_url":"https:\/\/www.mth-partner.de\/en\/integration-assistance-costs-for-a-swivelling-car-seat-within-the-framework-of-integration-assistance\/","og_site_name":"Rechtsanwaltskanzlei\u00a0Tieben","article_publisher":"https:\/\/www.facebook.com\/profile.php?id=100054481000178","article_published_time":"2013-06-02T07:19:13+00:00","article_modified_time":"2025-10-28T07:14:22+00:00","og_image":[{"width":1200,"height":600,"url":"https:\/\/www.mth-partner.de\/wp-content\/uploads\/Erbrecht.jpeg","type":"image\/jpeg"}],"author":"helmer","twitter_card":"summary_large_image","twitter_creator":"@mth_Tieben","twitter_site":"@mth_Tieben","twitter_misc":{"Written by":"helmer","Estimated reading time":"6 minutes"},"schema":{"@context":"https:\/\/schema.org","@graph":[{"@type":"Article","@id":"https:\/\/www.mth-partner.de\/eingliederungshilfe-kostenuebernahme-fuer-einen-schwenkbaren-autositz-im-rahmen-der-eingliederungshilfe\/#article","isPartOf":{"@id":"https:\/\/www.mth-partner.de\/eingliederungshilfe-kostenuebernahme-fuer-einen-schwenkbaren-autositz-im-rahmen-der-eingliederungshilfe\/"},"author":{"name":"helmer","@id":"https:\/\/www.mth-partner.de\/#\/schema\/person\/fbcf627706a8a6151cec2217af8c74b3"},"headline":"Eingliederungshilfe: Kosten\u00fcbernahme f\u00fcr einen schwenkbaren Autositz im Rahmen der Eingliederungshilfe","datePublished":"2013-06-02T07:19:13+00:00","dateModified":"2025-10-28T07:14:22+00:00","mainEntityOfPage":{"@id":"https:\/\/www.mth-partner.de\/eingliederungshilfe-kostenuebernahme-fuer-einen-schwenkbaren-autositz-im-rahmen-der-eingliederungshilfe\/"},"wordCount":1196,"commentCount":0,"publisher":{"@id":"https:\/\/www.mth-partner.de\/#organization"},"image":{"@id":"https:\/\/www.mth-partner.de\/eingliederungshilfe-kostenuebernahme-fuer-einen-schwenkbaren-autositz-im-rahmen-der-eingliederungshilfe\/#primaryimage"},"thumbnailUrl":"https:\/\/www.mth-partner.de\/wp-content\/uploads\/Erbrecht.jpeg","keywords":["Rechtsanwalt K\u00f6ln Eingliederungshilfe","Rechtsanwalt K\u00f6ln SGB","Rechtsanwalt K\u00f6ln Sozialhilfe"],"articleSection":["Erbrecht"],"inLanguage":"en-GB","potentialAction":[{"@type":"CommentAction","name":"Comment","target":["https:\/\/www.mth-partner.de\/eingliederungshilfe-kostenuebernahme-fuer-einen-schwenkbaren-autositz-im-rahmen-der-eingliederungshilfe\/#respond"]}]},{"@type":"WebPage","@id":"https:\/\/www.mth-partner.de\/eingliederungshilfe-kostenuebernahme-fuer-einen-schwenkbaren-autositz-im-rahmen-der-eingliederungshilfe\/","url":"https:\/\/www.mth-partner.de\/eingliederungshilfe-kostenuebernahme-fuer-einen-schwenkbaren-autositz-im-rahmen-der-eingliederungshilfe\/","name":"Integration assistance: assumption of costs for a swivelling car seat as part of integration assistance","isPartOf":{"@id":"https:\/\/www.mth-partner.de\/#website"},"primaryImageOfPage":{"@id":"https:\/\/www.mth-partner.de\/eingliederungshilfe-kostenuebernahme-fuer-einen-schwenkbaren-autositz-im-rahmen-der-eingliederungshilfe\/#primaryimage"},"image":{"@id":"https:\/\/www.mth-partner.de\/eingliederungshilfe-kostenuebernahme-fuer-einen-schwenkbaren-autositz-im-rahmen-der-eingliederungshilfe\/#primaryimage"},"thumbnailUrl":"https:\/\/www.mth-partner.de\/wp-content\/uploads\/Erbrecht.jpeg","datePublished":"2013-06-02T07:19:13+00:00","dateModified":"2025-10-28T07:14:22+00:00","description":"Mobility aids can also be covered by integration assistance for people with disabilities.","breadcrumb":{"@id":"https:\/\/www.mth-partner.de\/eingliederungshilfe-kostenuebernahme-fuer-einen-schwenkbaren-autositz-im-rahmen-der-eingliederungshilfe\/#breadcrumb"},"inLanguage":"en-GB","potentialAction":[{"@type":"ReadAction","target":["https:\/\/www.mth-partner.de\/eingliederungshilfe-kostenuebernahme-fuer-einen-schwenkbaren-autositz-im-rahmen-der-eingliederungshilfe\/"]}]},{"@type":"ImageObject","inLanguage":"en-GB","@id":"https:\/\/www.mth-partner.de\/eingliederungshilfe-kostenuebernahme-fuer-einen-schwenkbaren-autositz-im-rahmen-der-eingliederungshilfe\/#primaryimage","url":"https:\/\/www.mth-partner.de\/wp-content\/uploads\/Erbrecht.jpeg","contentUrl":"https:\/\/www.mth-partner.de\/wp-content\/uploads\/Erbrecht.jpeg","width":1200,"height":600,"caption":"Erbrecht"},{"@type":"BreadcrumbList","@id":"https:\/\/www.mth-partner.de\/eingliederungshilfe-kostenuebernahme-fuer-einen-schwenkbaren-autositz-im-rahmen-der-eingliederungshilfe\/#breadcrumb","itemListElement":[{"@type":"ListItem","position":1,"name":"Home","item":"https:\/\/www.mth-partner.de\/"},{"@type":"ListItem","position":2,"name":"Erbrecht","item":"https:\/\/www.mth-partner.de\/en\/category\/erbrecht-anwalt\/"},{"@type":"ListItem","position":3,"name":"Eingliederungshilfe: Kosten\u00fcbernahme f\u00fcr einen schwenkbaren Autositz im Rahmen der Eingliederungshilfe"}]},{"@type":"WebSite","@id":"https:\/\/www.mth-partner.de\/#website","url":"https:\/\/www.mth-partner.de\/","name":"Law firm Tieben","description":"Lawyer Tieben \/ Law firm Cologne","publisher":{"@id":"https:\/\/www.mth-partner.de\/#organization"},"potentialAction":[{"@type":"SearchAction","target":{"@type":"EntryPoint","urlTemplate":"https:\/\/www.mth-partner.de\/?s={search_term_string}"},"query-input":{"@type":"PropertyValueSpecification","valueRequired":true,"valueName":"search_term_string"}}],"inLanguage":"en-GB"},{"@type":"Organization","@id":"https:\/\/www.mth-partner.de\/#organization","name":"Law firm Tieben","url":"https:\/\/www.mth-partner.de\/","logo":{"@type":"ImageObject","inLanguage":"en-GB","@id":"https:\/\/www.mth-partner.de\/#\/schema\/logo\/image\/","url":"https:\/\/www.mth-partner.de\/wp-content\/uploads\/logo.png","contentUrl":"https:\/\/www.mth-partner.de\/wp-content\/uploads\/logo.png","width":254,"height":52,"caption":"Rechtsanwaltskanzlei\u00a0Tieben"},"image":{"@id":"https:\/\/www.mth-partner.de\/#\/schema\/logo\/image\/"},"sameAs":["https:\/\/www.facebook.com\/profile.php?id=100054481000178","https:\/\/x.com\/mth_Tieben","https:\/\/www.linkedin.com\/in\/helmer-tieben-09570226"]},{"@type":"Person","@id":"https:\/\/www.mth-partner.de\/#\/schema\/person\/fbcf627706a8a6151cec2217af8c74b3","name":"helmer","image":{"@type":"ImageObject","inLanguage":"en-GB","@id":"https:\/\/secure.gravatar.com\/avatar\/f3308295754604f18007cf9e14e5984d1b864d3edea19e3681ff8c9354cd73e8?s=96&d=mm&r=g","url":"https:\/\/secure.gravatar.com\/avatar\/f3308295754604f18007cf9e14e5984d1b864d3edea19e3681ff8c9354cd73e8?s=96&d=mm&r=g","contentUrl":"https:\/\/secure.gravatar.com\/avatar\/f3308295754604f18007cf9e14e5984d1b864d3edea19e3681ff8c9354cd73e8?s=96&d=mm&r=g","caption":"helmer"}}]}},"_links":{"self":[{"href":"https:\/\/www.mth-partner.de\/en\/wp-json\/wp\/v2\/posts\/3087","targetHints":{"allow":["GET"]}}],"collection":[{"href":"https:\/\/www.mth-partner.de\/en\/wp-json\/wp\/v2\/posts"}],"about":[{"href":"https:\/\/www.mth-partner.de\/en\/wp-json\/wp\/v2\/types\/post"}],"author":[{"embeddable":true,"href":"https:\/\/www.mth-partner.de\/en\/wp-json\/wp\/v2\/users\/4"}],"replies":[{"embeddable":true,"href":"https:\/\/www.mth-partner.de\/en\/wp-json\/wp\/v2\/comments?post=3087"}],"version-history":[{"count":2,"href":"https:\/\/www.mth-partner.de\/en\/wp-json\/wp\/v2\/posts\/3087\/revisions"}],"predecessor-version":[{"id":7521,"href":"https:\/\/www.mth-partner.de\/en\/wp-json\/wp\/v2\/posts\/3087\/revisions\/7521"}],"wp:featuredmedia":[{"embeddable":true,"href":"https:\/\/www.mth-partner.de\/en\/wp-json\/wp\/v2\/media\/11739"}],"wp:attachment":[{"href":"https:\/\/www.mth-partner.de\/en\/wp-json\/wp\/v2\/media?parent=3087"}],"wp:term":[{"taxonomy":"category","embeddable":true,"href":"https:\/\/www.mth-partner.de\/en\/wp-json\/wp\/v2\/categories?post=3087"},{"taxonomy":"post_tag","embeddable":true,"href":"https:\/\/www.mth-partner.de\/en\/wp-json\/wp\/v2\/tags?post=3087"}],"curies":[{"name":"wp","href":"https:\/\/api.w.org\/{rel}","templated":true}]}}