{"id":3985,"date":"2013-11-24T09:24:33","date_gmt":"2013-11-24T09:24:33","guid":{"rendered":"https:\/\/www.mth-partner.de\/?p=3985"},"modified":"2026-01-02T06:57:15","modified_gmt":"2026-01-02T06:57:15","slug":"auslaenderrecht-zur-befristung-der-auswirkungen-der-abschiebung-eines-mehrfach-straffaelligen-auslaenders","status":"publish","type":"post","link":"https:\/\/www.mth-partner.de\/en\/foreigners-law-on-the-limitation-of-the-consequences-of-deportation-for-a-repeatedly-criminal-foreigner\/","title":{"rendered":"Foreigners Law: On the Limitation of the Consequences of Deportation for a Repeatedly Criminal Foreigner."},"content":{"rendered":"<p><strong>Administrative Court of Ansbach, 12.09.2013, Case No.: AN 5 K 13.01435<\/strong><\/p>\n<p>If a foreign national repeatedly commits serious crimes, it may result in their deportation from the Federal Republic of Germany. The effects of deportation are regulated by the Residence Act.<\/p>\n<p><img fetchpriority=\"high\" decoding=\"async\" class=\"alignleft size-full wp-image-2872\" src=\"According to \u00a7 11 of the Residence Act (AufenthG), a foreign national who has been expelled, deported, or removed may not re-enter or stay in the Federal Territory.\" alt=\"Designation\" width=\"705\" height=\"266\" srcset=\"\" sizes=\"(max-width: 705px) 100vw, 705px\" data-srcset=\"\" \/><\/p>\n<p>According to Section 11 of the Residence Act, a foreign national who has been expelled, returned or deported may not re-enter the federal territory and stay there.<\/p>\n<p>Even if the conditions for granting a residence permit (e.g., a residence permit or settlement permit) under the Residence Act are met for the deported foreigner, no such permit will be issued to them.<\/p>\n<p>To enforce the entry ban, a national search notice is issued, an entry is made in the Central Register of Foreigners, and often a notice is placed in the Schengen Information System (SIS).<\/p>\n<p>However, under \u00a7 11(1) sentence 3 of the Residence Act, the effects of deportation may be limited in time. The foreigner must apply for a time limit on the effects of expulsion\/deportation (entry and residence ban).<\/p>\n<p>Furthermore, in its ruling of 10.07.2012 (Case No.: BVerwG 1 C 19.11), the Federal Administrative Court ruled that a foreigner who is expelled can request that the effects of the expulsion be limited in time when the expulsion order is issued.<\/p>\n<p>In the above-mentioned ruling of the Administrative Court of Ansbach, the court had to decide whether the time limit on the deportation of a repeatedly criminal foreigner could exceed five years.<\/p>\n<h3><span class=\"ez-toc-section\" id=\"1_Hintergrund_des_Klagers_und_seine_Anerkennung_als_Asylberechtigter\"><\/span>1. <strong>Background of the Plaintiff and His Recognition as a Refugee<\/strong><span class=\"ez-toc-section-end\"><\/span><\/h3>\n<p>The plaintiff, a Togolese national, entered the Federal Republic of Germany in 1992. Due to the political situation in his home country, he applied for asylum, which was granted by the Federal Office for Migration and Refugees in 1994. With his recognition as a refugee, the plaintiff was granted protection from persecution in Togo, which also secured his legal stay in Germany. In 1997, he was granted an unlimited residence permit, allowing him to live and work in Germany indefinitely. He also received an international travel document, which was extended until January 2013.<\/p>\n<h3><span class=\"ez-toc-section\" id=\"2_Strafrechtliche_Verurteilungen_des_Klagers_%E2%80%93_Sexueller_Missbrauch_von_Kindern\"><\/span>2. <strong>Criminal Convictions of the Plaintiff \u2013 Sexual Abuse of Children<br \/>\n<\/strong><span class=\"ez-toc-section-end\"><\/span><\/h3>\n<p>Despite the granted refugee status and associated protection rights, the plaintiff repeatedly came to the attention of law enforcement since 1993. His criminal offenses ranged from minor violations to serious crimes. Among the most serious convictions were the unlawful acquisition of narcotics, intentional bodily harm, and the sexual abuse of children. The conviction for sexual abuse of children resulted in a prison sentence of one year and nine months. Another conviction for robbery, intentional bodily harm, and other offenses led to a prison sentence of two years and three months.<\/p>\n<p>Due to these convictions, the plaintiff spent a total of four years in various correctional facilities from September 2008 to October 2008, and from November 2008 to November 2012, in pre-trial and prison custody. These repeated offenses demonstrated that the plaintiff posed a threat to public safety, which ultimately led to a government decision on his expulsion.<\/p>\n<h3><span class=\"ez-toc-section\" id=\"3_Ausweisung_und_Abschiebung_durch_die_Auslanderbehorde\"><\/span>3. <strong>Expulsion and Deportation by the Foreigners Authority<\/strong><span class=\"ez-toc-section-end\"><\/span><\/h3>\n<p>In October 2012, the competent Foreigners Authority issued a decision ordering the expulsion of the plaintiff from the Federal Republic of Germany. This decision imposed a re-entry ban of ten years, effective from the date of his departure or deportation. The authority justified the decision with the plaintiff\u2019s serious crimes and the ongoing threat he posed to public safety. Additionally, the authority ordered the immediate deportation of the plaintiff from custody to Togo. If deportation from custody was not possible, the plaintiff was required to leave the Federal Republic of Germany voluntarily within one month after the decision became final.<\/p>\n<h3><span class=\"ez-toc-section\" id=\"4_Klage_des_Klagers_und_Antrag_auf_Prozesskostenhilfe\"><\/span>4. <strong>Plaintiff\u2019s Lawsuit and Request for Legal Aid<\/strong><span class=\"ez-toc-section-end\"><\/span><\/h3>\n<p>The plaintiff filed a lawsuit against the expulsion order with the Bavarian Administrative Court of Ansbach and simultaneously applied for legal aid for the proceedings. In his lawsuit, he argued that the imposed re-entry ban of ten years was disproportionate and should be reduced to five years. The request for legal aid was initially denied. However, upon the plaintiff\u2019s appeal, the Bavarian Higher Administrative Court partially granted legal aid. The approval applied to the part of the lawsuit concerning the time limit on the effects of the expulsion. The plaintiff\u2019s appeal was otherwise dismissed.<\/p>\n<h3><span class=\"ez-toc-section\" id=\"5_Verkurzung_der_Wiedereinreisesperre_auf_acht_Jahre\"><\/span>5. <strong>Reduction of the Re-Entry Ban to Eight Years<\/strong><span class=\"ez-toc-section-end\"><\/span><\/h3>\n<p>During the oral hearing before the Administrative Court of Ansbach in September 2013, the representative of the Foreigners Authority amended the contested decision. The re-entry ban, initially set at ten years, was reduced to eight years. This change was particularly made in view of the fact that the plaintiff was the father of six children, three of whom had German citizenship. Two of the children, born in 1999 and 2000, were in foster care, and the plaintiff had sole custody of them. Despite these family ties, the ban period was not further reduced as the authority continued to consider the plaintiff a significant threat to public safety.<\/p>\n<p>The plaintiff\u2019s attorney requested that the Foreigners Authority\u2019s decision be overturned regarding the time limit on the effects of expulsion exceeding five years. He also requested the cancellation of the deportation order. These requests were denied by both the Foreigners Authority and later by the Administrative Court.<\/p>\n<h3><span class=\"ez-toc-section\" id=\"6_Urteil_des_Verwaltungsgerichts_Ansbach_%E2%80%93_Klager_wird_abgeschoben\"><\/span>6. <strong>Judgment of the Administrative Court of Ansbach \u2013 Plaintiff to be Deported<br \/>\n<\/strong><span class=\"ez-toc-section-end\"><\/span><\/h3>\n<p>On September 12, 2013, the Administrative Court of Ansbach ruled that the Foreigners Authority\u2019s decision was lawful and did not infringe the plaintiff\u2019s rights. Specifically, the court ruled that the eight-year re-entry ban was proportionate and complied with the requirements of \u00a7 11 of the Residence Act. The court found that the re-entry ban period must be determined on a case-by-case basis considering all relevant circumstances according to \u00a7 11(1) sentence 4 of the Residence Act. The extension of the general maximum period of five years was justified due to the plaintiff\u2019s serious criminal convictions and the ongoing threat he posed to public safety.<\/p>\n<p>The court also considered the plaintiff\u2019s fundamental rights under Article 6 of the Basic Law (protection of marriage and family) and Article 8 of the European Convention on Human Rights (right to respect for private and family life). Nevertheless, the court concluded that public safety interests took precedence in this case and that the eight-year ban period was proportionate. The court rejected any further reduction of the ban period or the cancellation of the deportation order. The judgment thus confirmed the Foreigners Authority\u2019s decision and dismissed the plaintiff\u2019s lawsuit.<\/p>\n<p>Source: Administrative Court of Ansbach<\/p>\n<p><b>Important Note: The content of this article has been prepared to the best of our knowledge and belief. However, due to the complexity and constant evolution of the subject matter, we must exclude liability and warranty.<\/b> Important Notice: The content of this article has been created to the best of our knowledge and understanding. However, due to the complexity and constant changes in the subject matter, we must exclude any liability and warranty.<\/p>\n<p>If you need legal advice, feel free to call us at 0221 \u2013 80187670 or email us at info@mth-partner.de.<\/p>\n<p><a href=\"https:\/\/www.mth-partner.de\/en\/services\/immigration-law\/\">Lawyers in Cologne advise and represent you in immigration law.<\/a><\/p>","protected":false},"excerpt":{"rendered":"<p>If a foreign national has had to leave the Federal Republic of Germany due to serious criminal offences on the basis of a regular expulsion order, this expulsion can be limited in time under certain conditions. The length of the time limit depends, among other things, on whether the foreign national continues to pose a serious threat to public safety and order.<\/p>","protected":false},"author":4,"featured_media":11619,"comment_status":"open","ping_status":"open","sticky":false,"template":"","format":"standard","meta":{"footnotes":""},"categories":[3666],"tags":[2305,2707],"class_list":["post-3985","post","type-post","status-publish","format-standard","has-post-thumbnail","hentry","category-aufenthaltsbeendigung","tag-voraussetzung-regelausweisung","tag-wann-muss-ein-straffaelliger-auslaender-ausgewiesen-werden"],"yoast_head":"<!-- This site is optimized with the Yoast SEO plugin v27.5 - https:\/\/yoast.com\/product\/yoast-seo-wordpress\/ -->\n<title>Ausl\u00e4nderrecht: Zur Befristung der Auswirkungen der Abschiebung eines mehrfach straff\u00e4lligen Ausl\u00e4nders.<\/title>\n<meta name=\"description\" content=\"Auch die Wirkungen der Abschiebung eines mehrfach straff\u00e4lligen Ausl\u00e4nders k\u00f6nnen befristet werden, so dass dieser nach Jahren wieder einreisen kann.\" \/>\n<meta name=\"robots\" content=\"index, follow, max-snippet:-1, max-image-preview:large, max-video-preview:-1\" \/>\n<link rel=\"canonical\" href=\"https:\/\/www.mth-partner.de\/en\/foreigners-law-on-the-limitation-of-the-consequences-of-deportation-for-a-repeatedly-criminal-foreigner\/\" \/>\n<meta property=\"og:locale\" content=\"en_GB\" \/>\n<meta property=\"og:type\" content=\"article\" \/>\n<meta property=\"og:title\" content=\"Ausl\u00e4nderrecht: Zur Befristung der Auswirkungen der Abschiebung eines mehrfach straff\u00e4lligen Ausl\u00e4nders.\" \/>\n<meta property=\"og:description\" content=\"Auch die Wirkungen der Abschiebung eines mehrfach straff\u00e4lligen Ausl\u00e4nders k\u00f6nnen befristet werden, so dass dieser nach Jahren wieder einreisen kann.\" \/>\n<meta property=\"og:url\" content=\"https:\/\/www.mth-partner.de\/en\/foreigners-law-on-the-limitation-of-the-consequences-of-deportation-for-a-repeatedly-criminal-foreigner\/\" \/>\n<meta property=\"og:site_name\" content=\"Rechtsanwaltskanzlei\u00a0Tieben\" \/>\n<meta property=\"article:publisher\" content=\"https:\/\/www.facebook.com\/profile.php?id=100054481000178\" \/>\n<meta property=\"article:published_time\" content=\"2013-11-24T09:24:33+00:00\" \/>\n<meta property=\"article:modified_time\" content=\"2026-01-02T06:57:15+00:00\" \/>\n<meta property=\"og:image\" content=\"https:\/\/www.mth-partner.de\/wp-content\/uploads\/Auslanderrecht.jpg\" \/>\n\t<meta property=\"og:image:width\" content=\"1200\" \/>\n\t<meta property=\"og:image:height\" content=\"600\" \/>\n\t<meta property=\"og:image:type\" content=\"image\/jpeg\" \/>\n<meta name=\"author\" content=\"helmer\" \/>\n<meta name=\"twitter:card\" content=\"summary_large_image\" \/>\n<meta name=\"twitter:creator\" content=\"@mth_Tieben\" \/>\n<meta name=\"twitter:site\" content=\"@mth_Tieben\" \/>\n<meta name=\"twitter:label1\" content=\"Written by\" \/>\n\t<meta name=\"twitter:data1\" content=\"helmer\" \/>\n\t<meta name=\"twitter:label2\" content=\"Estimated reading time\" \/>\n\t<meta name=\"twitter:data2\" content=\"6 minutes\" \/>\n<!-- \/ Yoast SEO plugin. -->","yoast_head_json":{"title":"Foreigners Law: On the Limitation of the Consequences of Deportation for a Repeatedly Criminal Foreigner.","description":"The effects of the deportation of a foreign national who has committed multiple offences can also be limited in time so that they can re-enter the country years later.","robots":{"index":"index","follow":"follow","max-snippet":"max-snippet:-1","max-image-preview":"max-image-preview:large","max-video-preview":"max-video-preview:-1"},"canonical":"https:\/\/www.mth-partner.de\/en\/foreigners-law-on-the-limitation-of-the-consequences-of-deportation-for-a-repeatedly-criminal-foreigner\/","og_locale":"en_GB","og_type":"article","og_title":"Ausl\u00e4nderrecht: Zur Befristung der Auswirkungen der Abschiebung eines mehrfach straff\u00e4lligen Ausl\u00e4nders.","og_description":"Auch die Wirkungen der Abschiebung eines mehrfach straff\u00e4lligen Ausl\u00e4nders k\u00f6nnen befristet werden, so dass dieser nach Jahren wieder einreisen kann.","og_url":"https:\/\/www.mth-partner.de\/en\/foreigners-law-on-the-limitation-of-the-consequences-of-deportation-for-a-repeatedly-criminal-foreigner\/","og_site_name":"Rechtsanwaltskanzlei\u00a0Tieben","article_publisher":"https:\/\/www.facebook.com\/profile.php?id=100054481000178","article_published_time":"2013-11-24T09:24:33+00:00","article_modified_time":"2026-01-02T06:57:15+00:00","og_image":[{"width":1200,"height":600,"url":"https:\/\/www.mth-partner.de\/wp-content\/uploads\/Auslanderrecht.jpg","type":"image\/jpeg"}],"author":"helmer","twitter_card":"summary_large_image","twitter_creator":"@mth_Tieben","twitter_site":"@mth_Tieben","twitter_misc":{"Written by":"helmer","Estimated reading time":"6 minutes"},"schema":{"@context":"https:\/\/schema.org","@graph":[{"@type":"Article","@id":"https:\/\/www.mth-partner.de\/auslaenderrecht-zur-befristung-der-auswirkungen-der-abschiebung-eines-mehrfach-straffaelligen-auslaenders\/#article","isPartOf":{"@id":"https:\/\/www.mth-partner.de\/auslaenderrecht-zur-befristung-der-auswirkungen-der-abschiebung-eines-mehrfach-straffaelligen-auslaenders\/"},"author":{"name":"helmer","@id":"https:\/\/www.mth-partner.de\/#\/schema\/person\/fbcf627706a8a6151cec2217af8c74b3"},"headline":"Ausl\u00e4nderrecht: Zur Befristung der Auswirkungen der Abschiebung eines mehrfach straff\u00e4lligen Ausl\u00e4nders.","datePublished":"2013-11-24T09:24:33+00:00","dateModified":"2026-01-02T06:57:15+00:00","mainEntityOfPage":{"@id":"https:\/\/www.mth-partner.de\/auslaenderrecht-zur-befristung-der-auswirkungen-der-abschiebung-eines-mehrfach-straffaelligen-auslaenders\/"},"wordCount":1199,"commentCount":2,"publisher":{"@id":"https:\/\/www.mth-partner.de\/#organization"},"image":{"@id":"https:\/\/www.mth-partner.de\/auslaenderrecht-zur-befristung-der-auswirkungen-der-abschiebung-eines-mehrfach-straffaelligen-auslaenders\/#primaryimage"},"thumbnailUrl":"https:\/\/www.mth-partner.de\/wp-content\/uploads\/Auslanderrecht.jpg","keywords":["Voraussetzung Regelausweisung","Wann muss ein straff\u00e4lliger Ausl\u00e4nder ausgewiesen werden?"],"articleSection":["Aufenthaltsbeendigung"],"inLanguage":"en-GB","potentialAction":[{"@type":"CommentAction","name":"Comment","target":["https:\/\/www.mth-partner.de\/auslaenderrecht-zur-befristung-der-auswirkungen-der-abschiebung-eines-mehrfach-straffaelligen-auslaenders\/#respond"]}]},{"@type":"WebPage","@id":"https:\/\/www.mth-partner.de\/auslaenderrecht-zur-befristung-der-auswirkungen-der-abschiebung-eines-mehrfach-straffaelligen-auslaenders\/","url":"https:\/\/www.mth-partner.de\/auslaenderrecht-zur-befristung-der-auswirkungen-der-abschiebung-eines-mehrfach-straffaelligen-auslaenders\/","name":"Foreigners Law: On the Limitation of the Consequences of Deportation for a Repeatedly Criminal Foreigner.","isPartOf":{"@id":"https:\/\/www.mth-partner.de\/#website"},"primaryImageOfPage":{"@id":"https:\/\/www.mth-partner.de\/auslaenderrecht-zur-befristung-der-auswirkungen-der-abschiebung-eines-mehrfach-straffaelligen-auslaenders\/#primaryimage"},"image":{"@id":"https:\/\/www.mth-partner.de\/auslaenderrecht-zur-befristung-der-auswirkungen-der-abschiebung-eines-mehrfach-straffaelligen-auslaenders\/#primaryimage"},"thumbnailUrl":"https:\/\/www.mth-partner.de\/wp-content\/uploads\/Auslanderrecht.jpg","datePublished":"2013-11-24T09:24:33+00:00","dateModified":"2026-01-02T06:57:15+00:00","description":"The effects of the deportation of a foreign national who has committed multiple offences can also be limited in time so that they can re-enter the country years later.","breadcrumb":{"@id":"https:\/\/www.mth-partner.de\/auslaenderrecht-zur-befristung-der-auswirkungen-der-abschiebung-eines-mehrfach-straffaelligen-auslaenders\/#breadcrumb"},"inLanguage":"en-GB","potentialAction":[{"@type":"ReadAction","target":["https:\/\/www.mth-partner.de\/auslaenderrecht-zur-befristung-der-auswirkungen-der-abschiebung-eines-mehrfach-straffaelligen-auslaenders\/"]}]},{"@type":"ImageObject","inLanguage":"en-GB","@id":"https:\/\/www.mth-partner.de\/auslaenderrecht-zur-befristung-der-auswirkungen-der-abschiebung-eines-mehrfach-straffaelligen-auslaenders\/#primaryimage","url":"https:\/\/www.mth-partner.de\/wp-content\/uploads\/Auslanderrecht.jpg","contentUrl":"https:\/\/www.mth-partner.de\/wp-content\/uploads\/Auslanderrecht.jpg","width":1200,"height":600,"caption":"Ausl\u00e4nderrecht"},{"@type":"BreadcrumbList","@id":"https:\/\/www.mth-partner.de\/auslaenderrecht-zur-befristung-der-auswirkungen-der-abschiebung-eines-mehrfach-straffaelligen-auslaenders\/#breadcrumb","itemListElement":[{"@type":"ListItem","position":1,"name":"Home","item":"https:\/\/www.mth-partner.de\/"},{"@type":"ListItem","position":2,"name":"Ausl\u00e4nderrecht","item":"https:\/\/www.mth-partner.de\/category\/auslaenderrecht-anwalt\/"},{"@type":"ListItem","position":3,"name":"Aufenthaltsbeendigung","item":"https:\/\/www.mth-partner.de\/category\/auslaenderrecht-anwalt\/aufenthaltsbeendigung\/"},{"@type":"ListItem","position":4,"name":"Ausl\u00e4nderrecht: Zur Befristung der Auswirkungen der Abschiebung eines mehrfach straff\u00e4lligen Ausl\u00e4nders."}]},{"@type":"WebSite","@id":"https:\/\/www.mth-partner.de\/#website","url":"https:\/\/www.mth-partner.de\/","name":"Law firm Tieben","description":"Lawyer Tieben \/ Law firm Cologne","publisher":{"@id":"https:\/\/www.mth-partner.de\/#organization"},"potentialAction":[{"@type":"SearchAction","target":{"@type":"EntryPoint","urlTemplate":"https:\/\/www.mth-partner.de\/?s={search_term_string}"},"query-input":{"@type":"PropertyValueSpecification","valueRequired":true,"valueName":"search_term_string"}}],"inLanguage":"en-GB"},{"@type":"Organization","@id":"https:\/\/www.mth-partner.de\/#organization","name":"Law firm Tieben","url":"https:\/\/www.mth-partner.de\/","logo":{"@type":"ImageObject","inLanguage":"en-GB","@id":"https:\/\/www.mth-partner.de\/#\/schema\/logo\/image\/","url":"https:\/\/www.mth-partner.de\/wp-content\/uploads\/logo.png","contentUrl":"https:\/\/www.mth-partner.de\/wp-content\/uploads\/logo.png","width":254,"height":52,"caption":"Rechtsanwaltskanzlei\u00a0Tieben"},"image":{"@id":"https:\/\/www.mth-partner.de\/#\/schema\/logo\/image\/"},"sameAs":["https:\/\/www.facebook.com\/profile.php?id=100054481000178","https:\/\/x.com\/mth_Tieben","https:\/\/www.linkedin.com\/in\/helmer-tieben-09570226"]},{"@type":"Person","@id":"https:\/\/www.mth-partner.de\/#\/schema\/person\/fbcf627706a8a6151cec2217af8c74b3","name":"helmer","image":{"@type":"ImageObject","inLanguage":"en-GB","@id":"https:\/\/secure.gravatar.com\/avatar\/f3308295754604f18007cf9e14e5984d1b864d3edea19e3681ff8c9354cd73e8?s=96&d=mm&r=g","url":"https:\/\/secure.gravatar.com\/avatar\/f3308295754604f18007cf9e14e5984d1b864d3edea19e3681ff8c9354cd73e8?s=96&d=mm&r=g","contentUrl":"https:\/\/secure.gravatar.com\/avatar\/f3308295754604f18007cf9e14e5984d1b864d3edea19e3681ff8c9354cd73e8?s=96&d=mm&r=g","caption":"helmer"}}]}},"_links":{"self":[{"href":"https:\/\/www.mth-partner.de\/en\/wp-json\/wp\/v2\/posts\/3985","targetHints":{"allow":["GET"]}}],"collection":[{"href":"https:\/\/www.mth-partner.de\/en\/wp-json\/wp\/v2\/posts"}],"about":[{"href":"https:\/\/www.mth-partner.de\/en\/wp-json\/wp\/v2\/types\/post"}],"author":[{"embeddable":true,"href":"https:\/\/www.mth-partner.de\/en\/wp-json\/wp\/v2\/users\/4"}],"replies":[{"embeddable":true,"href":"https:\/\/www.mth-partner.de\/en\/wp-json\/wp\/v2\/comments?post=3985"}],"version-history":[{"count":1,"href":"https:\/\/www.mth-partner.de\/en\/wp-json\/wp\/v2\/posts\/3985\/revisions"}],"predecessor-version":[{"id":8105,"href":"https:\/\/www.mth-partner.de\/en\/wp-json\/wp\/v2\/posts\/3985\/revisions\/8105"}],"wp:featuredmedia":[{"embeddable":true,"href":"https:\/\/www.mth-partner.de\/en\/wp-json\/wp\/v2\/media\/11619"}],"wp:attachment":[{"href":"https:\/\/www.mth-partner.de\/en\/wp-json\/wp\/v2\/media?parent=3985"}],"wp:term":[{"taxonomy":"category","embeddable":true,"href":"https:\/\/www.mth-partner.de\/en\/wp-json\/wp\/v2\/categories?post=3985"},{"taxonomy":"post_tag","embeddable":true,"href":"https:\/\/www.mth-partner.de\/en\/wp-json\/wp\/v2\/tags?post=3985"}],"curies":[{"name":"wp","href":"https:\/\/api.w.org\/{rel}","templated":true}]}}