{"id":4455,"date":"2014-10-27T09:23:50","date_gmt":"2014-10-27T09:23:50","guid":{"rendered":"https:\/\/www.mth-partner.de\/?p=4455"},"modified":"2025-10-28T06:25:20","modified_gmt":"2025-10-28T06:25:20","slug":"auslaenderrecht-zur-frage-ob-die-begleichung-der-abschiebekosten-auch-von-minderjaehrigen-auslaendern-verlangt-werden-kann","status":"publish","type":"post","link":"https:\/\/www.mth-partner.de\/en\/immigration-law-on-the-question-of-whether-the-payment-of-deportation-costs-can-be-demanded-from-minor-foreign-nationals\/","title":{"rendered":"Immigration Law: On the Question of Whether the Payment of Deportation Costs Can Be Demanded from Minor Foreign Nationals"},"content":{"rendered":"<p><strong>Higher Administrative Court of Lower Saxony, September 25, 2014, Case No. 8 LC 163\/13<\/strong><\/p>\n<p>According to \u00a7 66 Abs. 1 of the Residence Act (AufenthG), a foreign national is required to cover the costs associated with enforcement of a spatial restriction, refusal, deportation, or removal.<\/p>\n<p>This regulation is particularly applied when a foreign national attempts to re-enter Germany after deportation. Generally, authorities will try to ensure that deportation costs are settled before allowing the foreign national to re-enter.<\/p>\n<p>The question arises whether foreign nationals who were minors at the time of their initial entry and\/or deportation can be held liable for their deportation costs.<\/p>\n<p>This could be opposed in particular by \u00a7 1629a BGB, the limitation of the liability of minors.<\/p>\n<p>In this context, \u00a7 1629a of the Civil Code (BGB), which limits the liability of minors, might be relevant. This provision, introduced by the Act to Limit the Liability of Minors on August 25, 1998 (BGBl I 1998, 2847), restricts liability for debts incurred by parents in their legal representative capacity to the assets of the child available upon reaching adulthood.<\/p>\n<p>The purpose of this law is to enable minors to start their adulthood without debts.<\/p>\n<p>In the case mentioned above, the Higher Administrative Court of Lower Saxony had to decide whether a Serbian national, who was nine years old when she first entered Germany and sixteen years old when she was deported, could be required to pay the costs of deportation.<\/p>\n<h3><span class=\"ez-toc-section\" id=\"Einleitung_und_Hintergrund\"><\/span>Introduction and Background<span class=\"ez-toc-section-end\"><\/span><\/h3>\n<p>The plaintiff, a Serbian national, entered Germany in 1995 at the age of nine with her family and applied for asylum. After her asylum procedure was unsuccessful, she was deported to Serbia in 2002 at the age of sixteen. In 2012, she returned to Germany, married a German citizen, and obtained a residence permit for family reasons. In June 2012, the Lower Saxony State Reception Authority demanded payment of the deportation costs amounting to approximately 600 euros.<\/p>\n<h3><span class=\"ez-toc-section\" id=\"Klage_vor_dem_Verwaltungsgericht_Oldenburg\"><\/span>Lawsuit before the Administrative Court of Oldenburg<span class=\"ez-toc-section-end\"><\/span><\/h3>\n<p>The plaintiff filed a lawsuit against the cost notice with the Administrative Court of Oldenburg. She argued that she was a minor at the time of entry and had no control over the entry or subsequent deportation. The Administrative Court of Oldenburg dismissed the lawsuit, stating that \u00a7 66 Abs. 1 AufenthG requires a foreign national to bear the costs of their deportation, and this obligation does not depend on the individual\u2019s age at the time of deportation. The court also found that the minor\u2019s liability under \u00a7 1629a BGB was not applicable.<\/p>\n<h3><span class=\"ez-toc-section\" id=\"Berufung_vor_dem_Niedersachsischen_Oberverwaltungsgericht\"><\/span>Appeal before the Higher Administrative Court of Lower Saxony<span class=\"ez-toc-section-end\"><\/span><\/h3>\n<p>On appeal, the Higher Administrative Court of Lower Saxony also rejected the plaintiff\u2019s appeal. It based its decision on \u00a7\u00a7 66 Abs. 1, 67 Abs. 1 and 3 AufenthG. According to \u00a7 66 Abs. 1 AufenthG, the foreign national is responsible for deportation costs. The plaintiff was deported on December 11, 2002, which established her liability for the costs.<\/p>\n<h3><span class=\"ez-toc-section\" id=\"Anwendung_des_%C2%A7_1629a_BGB_und_Minderjahrigenhaftung\"><\/span>Application of \u00a7 1629a BGB and Minor\u2019s Liability<span class=\"ez-toc-section-end\"><\/span><\/h3>\n<p>The court found that \u00a7 1629a Abs. 1 BGB, which aims to protect minors from liabilities they did not incur themselves, does not apply in this case. Although \u00a7 1629a BGB limits the liability of an adult for debts incurred during minority to the assets available at adulthood, this regulation does not apply directly to public law obligations but rather in an analogous manner.<\/p>\n<h3><span class=\"ez-toc-section\" id=\"Handlungsfahigkeit_und_Verantwortlichkeit_der_Klagerin\"><\/span>Plaintiff\u2019s Legal Capacity and Responsibility<span class=\"ez-toc-section-end\"><\/span><\/h3>\n<p>The court acknowledged that non-compliance with the obligation to leave the country constitutes an \u201eother action\u201c under \u00a7 1629a BGB. However, this action was not undertaken by the plaintiff\u2019s parents but by the plaintiff herself. At the time of deportation, she was sixteen and thus fully capable of acting according to \u00a7 80 Abs. 1 AufenthG. Consequently, the responsibility for deportation costs fell on the plaintiff rather than her parents. The protection under \u00a7 1629a BGB does not extend to consequences resulting from the minor\u2019s own actions.<\/p>\n<h3><span class=\"ez-toc-section\" id=\"Besondere_Umstande_und_Entscheidung_des_Gerichts\"><\/span>Special Circumstances and Court Decision<span class=\"ez-toc-section-end\"><\/span><\/h3>\n<p>The court noted that the limitation of liability under \u00a7 1629a BGB might apply if the parents had prevented the minor\u2019s voluntary departure through their authority. However, such circumstances were not present in this case. Thus, the plaintiff remains responsible for the deportation costs.<\/p>\n<h3><span class=\"ez-toc-section\" id=\"Schlussfolgerung_Minderjahrige_war_zur_Zahlung_der_Abschiebekosten_verpflichtet\"><\/span>Conclusion: Minor Liable for Deportation Costs<strong><br \/>\n<\/strong><span class=\"ez-toc-section-end\"><\/span><\/h3>\n<p>The Higher Administrative Court of Lower Saxony confirmed the Administrative Court of Oldenburg\u2019s decision and rejected the plaintiff\u2019s appeal. The plaintiff is therefore required to pay the deportation costs, as the minor\u2019s liability under \u00a7 1629a BGB does not apply in this case. The ruling clarifies that the obligation to cover deportation costs remains even if the individual was a minor at the time of deportation and is directly responsible for their own actions.<\/p>\n<p>Source: Higher Administrative Court of Lower Saxony<\/p>\n<p><b>Important Note: The content of this article has been prepared to the best of our knowledge and belief. However, due to the complexity and constant evolution of the subject matter, we must exclude liability and warranty.<\/b> Important Notice: The content of this article has been created to the best of our knowledge and understanding. However, due to the complexity and constant changes in the subject matter, we must exclude any liability and warranty.<\/p>\n<p>If you need legal advice, please feel free to call us at <a href=\"https:\/\/www.mth-partner.de\/en\/contact\/\" target=\"_blank\" rel=\"noopener\">0221 - 80187670<\/a> or send us an email at or send an email to info@mth-partner.de <a href=\"mailto:info@mth-partner.de\" target=\"_blank\" rel=\"noopener\">info@mth-partner.de<\/a><\/p>\n<p><a href=\"https:\/\/www.mth-partner.de\/en\/services\/immigration-law\/\">Lawyers in Cologne advise and represent you in immigration law.<\/a><\/p>","protected":false},"excerpt":{"rendered":"<p>In principle, children should have a debt-free start in life. There are special regulations for this in the German Civil Code. It is questionable whether the costs of deporting minors can still be demanded. <\/p>","protected":false},"author":4,"featured_media":11619,"comment_status":"open","ping_status":"open","sticky":false,"template":"","format":"standard","meta":{"footnotes":""},"categories":[36],"tags":[1452,2843],"class_list":["post-4455","post","type-post","status-publish","format-standard","has-post-thumbnail","hentry","category-auslaenderrecht-anwalt","tag-rechtsanwalt-koln-abschiebung","tag-wer-bezahlt-die-kosten-der-abschiebung"],"yoast_head":"<!-- This site is optimized with the Yoast SEO plugin v27.5 - https:\/\/yoast.com\/product\/yoast-seo-wordpress\/ -->\n<title>Ausl\u00e4nderrecht: Zur Frage, ob die Begleichung der Abschiebekosten auch von minderj\u00e4hrigen Ausl\u00e4ndern verlangt werden kann.<\/title>\n<meta name=\"description\" content=\"Die Abschiebekosten eines Ausl\u00e4nders m\u00fcssen grunds\u00e4tzlich von diesem getragen werden. Ob und in welcher H\u00f6he ist immer wieder strittig.\" \/>\n<meta name=\"robots\" content=\"index, follow, max-snippet:-1, max-image-preview:large, max-video-preview:-1\" \/>\n<link rel=\"canonical\" href=\"https:\/\/www.mth-partner.de\/en\/immigration-law-on-the-question-of-whether-the-payment-of-deportation-costs-can-be-demanded-from-minor-foreign-nationals\/\" \/>\n<meta property=\"og:locale\" content=\"en_GB\" \/>\n<meta property=\"og:type\" content=\"article\" \/>\n<meta property=\"og:title\" content=\"Ausl\u00e4nderrecht: Zur Frage, ob die Begleichung der Abschiebekosten auch von minderj\u00e4hrigen Ausl\u00e4ndern verlangt werden kann.\" \/>\n<meta property=\"og:description\" content=\"Die Abschiebekosten eines Ausl\u00e4nders m\u00fcssen grunds\u00e4tzlich von diesem getragen werden. Ob und in welcher H\u00f6he ist immer wieder strittig.\" \/>\n<meta property=\"og:url\" content=\"https:\/\/www.mth-partner.de\/en\/immigration-law-on-the-question-of-whether-the-payment-of-deportation-costs-can-be-demanded-from-minor-foreign-nationals\/\" \/>\n<meta property=\"og:site_name\" content=\"Rechtsanwaltskanzlei\u00a0Tieben\" \/>\n<meta property=\"article:publisher\" content=\"https:\/\/www.facebook.com\/profile.php?id=100054481000178\" \/>\n<meta property=\"article:published_time\" content=\"2014-10-27T09:23:50+00:00\" \/>\n<meta property=\"article:modified_time\" content=\"2025-10-28T06:25:20+00:00\" \/>\n<meta property=\"og:image\" content=\"https:\/\/www.mth-partner.de\/wp-content\/uploads\/Auslanderrecht.jpg\" \/>\n\t<meta property=\"og:image:width\" content=\"1200\" \/>\n\t<meta property=\"og:image:height\" content=\"600\" \/>\n\t<meta property=\"og:image:type\" content=\"image\/jpeg\" \/>\n<meta name=\"author\" content=\"helmer\" \/>\n<meta name=\"twitter:card\" content=\"summary_large_image\" \/>\n<meta name=\"twitter:creator\" content=\"@mth_Tieben\" \/>\n<meta name=\"twitter:site\" content=\"@mth_Tieben\" \/>\n<meta name=\"twitter:label1\" content=\"Written by\" \/>\n\t<meta name=\"twitter:data1\" content=\"helmer\" \/>\n\t<meta name=\"twitter:label2\" content=\"Estimated reading time\" \/>\n\t<meta name=\"twitter:data2\" content=\"4 minutes\" \/>\n<!-- \/ Yoast SEO plugin. -->","yoast_head_json":{"title":"Immigration Law: On the Question of Whether the Payment of Deportation Costs Can Be Demanded from Minor Foreign Nationals","description":"The deportation costs of a foreigner must generally be borne by the foreigner. Whether and to what extent is always a matter of dispute.","robots":{"index":"index","follow":"follow","max-snippet":"max-snippet:-1","max-image-preview":"max-image-preview:large","max-video-preview":"max-video-preview:-1"},"canonical":"https:\/\/www.mth-partner.de\/en\/immigration-law-on-the-question-of-whether-the-payment-of-deportation-costs-can-be-demanded-from-minor-foreign-nationals\/","og_locale":"en_GB","og_type":"article","og_title":"Ausl\u00e4nderrecht: Zur Frage, ob die Begleichung der Abschiebekosten auch von minderj\u00e4hrigen Ausl\u00e4ndern verlangt werden kann.","og_description":"Die Abschiebekosten eines Ausl\u00e4nders m\u00fcssen grunds\u00e4tzlich von diesem getragen werden. Ob und in welcher H\u00f6he ist immer wieder strittig.","og_url":"https:\/\/www.mth-partner.de\/en\/immigration-law-on-the-question-of-whether-the-payment-of-deportation-costs-can-be-demanded-from-minor-foreign-nationals\/","og_site_name":"Rechtsanwaltskanzlei\u00a0Tieben","article_publisher":"https:\/\/www.facebook.com\/profile.php?id=100054481000178","article_published_time":"2014-10-27T09:23:50+00:00","article_modified_time":"2025-10-28T06:25:20+00:00","og_image":[{"width":1200,"height":600,"url":"https:\/\/www.mth-partner.de\/wp-content\/uploads\/Auslanderrecht.jpg","type":"image\/jpeg"}],"author":"helmer","twitter_card":"summary_large_image","twitter_creator":"@mth_Tieben","twitter_site":"@mth_Tieben","twitter_misc":{"Written by":"helmer","Estimated reading time":"4 minutes"},"schema":{"@context":"https:\/\/schema.org","@graph":[{"@type":"Article","@id":"https:\/\/www.mth-partner.de\/auslaenderrecht-zur-frage-ob-die-begleichung-der-abschiebekosten-auch-von-minderjaehrigen-auslaendern-verlangt-werden-kann\/#article","isPartOf":{"@id":"https:\/\/www.mth-partner.de\/auslaenderrecht-zur-frage-ob-die-begleichung-der-abschiebekosten-auch-von-minderjaehrigen-auslaendern-verlangt-werden-kann\/"},"author":{"name":"helmer","@id":"https:\/\/www.mth-partner.de\/#\/schema\/person\/fbcf627706a8a6151cec2217af8c74b3"},"headline":"Ausl\u00e4nderrecht: Zur Frage, ob die Begleichung der Abschiebekosten auch von minderj\u00e4hrigen Ausl\u00e4ndern verlangt werden kann.","datePublished":"2014-10-27T09:23:50+00:00","dateModified":"2025-10-28T06:25:20+00:00","mainEntityOfPage":{"@id":"https:\/\/www.mth-partner.de\/auslaenderrecht-zur-frage-ob-die-begleichung-der-abschiebekosten-auch-von-minderjaehrigen-auslaendern-verlangt-werden-kann\/"},"wordCount":919,"commentCount":0,"publisher":{"@id":"https:\/\/www.mth-partner.de\/#organization"},"image":{"@id":"https:\/\/www.mth-partner.de\/auslaenderrecht-zur-frage-ob-die-begleichung-der-abschiebekosten-auch-von-minderjaehrigen-auslaendern-verlangt-werden-kann\/#primaryimage"},"thumbnailUrl":"https:\/\/www.mth-partner.de\/wp-content\/uploads\/Auslanderrecht.jpg","keywords":["Rechtsanwalt K\u00f6ln Abschiebung","wer bezahlt die Kosten der Abschiebung"],"articleSection":["Ausl\u00e4nderrecht"],"inLanguage":"en-GB","potentialAction":[{"@type":"CommentAction","name":"Comment","target":["https:\/\/www.mth-partner.de\/auslaenderrecht-zur-frage-ob-die-begleichung-der-abschiebekosten-auch-von-minderjaehrigen-auslaendern-verlangt-werden-kann\/#respond"]}]},{"@type":"WebPage","@id":"https:\/\/www.mth-partner.de\/auslaenderrecht-zur-frage-ob-die-begleichung-der-abschiebekosten-auch-von-minderjaehrigen-auslaendern-verlangt-werden-kann\/","url":"https:\/\/www.mth-partner.de\/auslaenderrecht-zur-frage-ob-die-begleichung-der-abschiebekosten-auch-von-minderjaehrigen-auslaendern-verlangt-werden-kann\/","name":"Immigration Law: On the Question of Whether the Payment of Deportation Costs Can Be Demanded from Minor Foreign Nationals","isPartOf":{"@id":"https:\/\/www.mth-partner.de\/#website"},"primaryImageOfPage":{"@id":"https:\/\/www.mth-partner.de\/auslaenderrecht-zur-frage-ob-die-begleichung-der-abschiebekosten-auch-von-minderjaehrigen-auslaendern-verlangt-werden-kann\/#primaryimage"},"image":{"@id":"https:\/\/www.mth-partner.de\/auslaenderrecht-zur-frage-ob-die-begleichung-der-abschiebekosten-auch-von-minderjaehrigen-auslaendern-verlangt-werden-kann\/#primaryimage"},"thumbnailUrl":"https:\/\/www.mth-partner.de\/wp-content\/uploads\/Auslanderrecht.jpg","datePublished":"2014-10-27T09:23:50+00:00","dateModified":"2025-10-28T06:25:20+00:00","description":"The deportation costs of a foreigner must generally be borne by the foreigner. Whether and to what extent is always a matter of dispute.","breadcrumb":{"@id":"https:\/\/www.mth-partner.de\/auslaenderrecht-zur-frage-ob-die-begleichung-der-abschiebekosten-auch-von-minderjaehrigen-auslaendern-verlangt-werden-kann\/#breadcrumb"},"inLanguage":"en-GB","potentialAction":[{"@type":"ReadAction","target":["https:\/\/www.mth-partner.de\/auslaenderrecht-zur-frage-ob-die-begleichung-der-abschiebekosten-auch-von-minderjaehrigen-auslaendern-verlangt-werden-kann\/"]}]},{"@type":"ImageObject","inLanguage":"en-GB","@id":"https:\/\/www.mth-partner.de\/auslaenderrecht-zur-frage-ob-die-begleichung-der-abschiebekosten-auch-von-minderjaehrigen-auslaendern-verlangt-werden-kann\/#primaryimage","url":"https:\/\/www.mth-partner.de\/wp-content\/uploads\/Auslanderrecht.jpg","contentUrl":"https:\/\/www.mth-partner.de\/wp-content\/uploads\/Auslanderrecht.jpg","width":1200,"height":600,"caption":"Ausl\u00e4nderrecht"},{"@type":"BreadcrumbList","@id":"https:\/\/www.mth-partner.de\/auslaenderrecht-zur-frage-ob-die-begleichung-der-abschiebekosten-auch-von-minderjaehrigen-auslaendern-verlangt-werden-kann\/#breadcrumb","itemListElement":[{"@type":"ListItem","position":1,"name":"Home","item":"https:\/\/www.mth-partner.de\/"},{"@type":"ListItem","position":2,"name":"Ausl\u00e4nderrecht","item":"https:\/\/www.mth-partner.de\/category\/auslaenderrecht-anwalt\/"},{"@type":"ListItem","position":3,"name":"Ausl\u00e4nderrecht: Zur Frage, ob die Begleichung der Abschiebekosten auch von minderj\u00e4hrigen Ausl\u00e4ndern verlangt werden kann."}]},{"@type":"WebSite","@id":"https:\/\/www.mth-partner.de\/#website","url":"https:\/\/www.mth-partner.de\/","name":"Law firm Tieben","description":"Lawyer Tieben \/ Law firm Cologne","publisher":{"@id":"https:\/\/www.mth-partner.de\/#organization"},"potentialAction":[{"@type":"SearchAction","target":{"@type":"EntryPoint","urlTemplate":"https:\/\/www.mth-partner.de\/?s={search_term_string}"},"query-input":{"@type":"PropertyValueSpecification","valueRequired":true,"valueName":"search_term_string"}}],"inLanguage":"en-GB"},{"@type":"Organization","@id":"https:\/\/www.mth-partner.de\/#organization","name":"Law firm Tieben","url":"https:\/\/www.mth-partner.de\/","logo":{"@type":"ImageObject","inLanguage":"en-GB","@id":"https:\/\/www.mth-partner.de\/#\/schema\/logo\/image\/","url":"https:\/\/www.mth-partner.de\/wp-content\/uploads\/logo.png","contentUrl":"https:\/\/www.mth-partner.de\/wp-content\/uploads\/logo.png","width":254,"height":52,"caption":"Rechtsanwaltskanzlei\u00a0Tieben"},"image":{"@id":"https:\/\/www.mth-partner.de\/#\/schema\/logo\/image\/"},"sameAs":["https:\/\/www.facebook.com\/profile.php?id=100054481000178","https:\/\/x.com\/mth_Tieben","https:\/\/www.linkedin.com\/in\/helmer-tieben-09570226"]},{"@type":"Person","@id":"https:\/\/www.mth-partner.de\/#\/schema\/person\/fbcf627706a8a6151cec2217af8c74b3","name":"helmer","image":{"@type":"ImageObject","inLanguage":"en-GB","@id":"https:\/\/secure.gravatar.com\/avatar\/f3308295754604f18007cf9e14e5984d1b864d3edea19e3681ff8c9354cd73e8?s=96&d=mm&r=g","url":"https:\/\/secure.gravatar.com\/avatar\/f3308295754604f18007cf9e14e5984d1b864d3edea19e3681ff8c9354cd73e8?s=96&d=mm&r=g","contentUrl":"https:\/\/secure.gravatar.com\/avatar\/f3308295754604f18007cf9e14e5984d1b864d3edea19e3681ff8c9354cd73e8?s=96&d=mm&r=g","caption":"helmer"}}]}},"_links":{"self":[{"href":"https:\/\/www.mth-partner.de\/en\/wp-json\/wp\/v2\/posts\/4455","targetHints":{"allow":["GET"]}}],"collection":[{"href":"https:\/\/www.mth-partner.de\/en\/wp-json\/wp\/v2\/posts"}],"about":[{"href":"https:\/\/www.mth-partner.de\/en\/wp-json\/wp\/v2\/types\/post"}],"author":[{"embeddable":true,"href":"https:\/\/www.mth-partner.de\/en\/wp-json\/wp\/v2\/users\/4"}],"replies":[{"embeddable":true,"href":"https:\/\/www.mth-partner.de\/en\/wp-json\/wp\/v2\/comments?post=4455"}],"version-history":[{"count":3,"href":"https:\/\/www.mth-partner.de\/en\/wp-json\/wp\/v2\/posts\/4455\/revisions"}],"predecessor-version":[{"id":12170,"href":"https:\/\/www.mth-partner.de\/en\/wp-json\/wp\/v2\/posts\/4455\/revisions\/12170"}],"wp:featuredmedia":[{"embeddable":true,"href":"https:\/\/www.mth-partner.de\/en\/wp-json\/wp\/v2\/media\/11619"}],"wp:attachment":[{"href":"https:\/\/www.mth-partner.de\/en\/wp-json\/wp\/v2\/media?parent=4455"}],"wp:term":[{"taxonomy":"category","embeddable":true,"href":"https:\/\/www.mth-partner.de\/en\/wp-json\/wp\/v2\/categories?post=4455"},{"taxonomy":"post_tag","embeddable":true,"href":"https:\/\/www.mth-partner.de\/en\/wp-json\/wp\/v2\/tags?post=4455"}],"curies":[{"name":"wp","href":"https:\/\/api.w.org\/{rel}","templated":true}]}}