{"id":4839,"date":"2024-10-04T17:15:34","date_gmt":"2024-10-04T17:15:34","guid":{"rendered":"https:\/\/www.mth-partner.de\/?p=4839"},"modified":"2025-05-27T13:25:11","modified_gmt":"2025-05-27T13:25:11","slug":"mietrecht-eigenbedarfskuendigung-auch-moeglich-wenn-der-vermieter-als-profifussballer-im-ausland-arbeitet","status":"publish","type":"post","link":"https:\/\/www.mth-partner.de\/en\/tenancy-law-termination-of-personal-use-also-possible-if-the-landlord-works-abroad-as-a-professional-footballer\/","title":{"rendered":"Tenancy law: Own use cancellation also possible if the landlord works abroad as a professional footballer."},"content":{"rendered":"<p><strong>Munich Local Court, 30\/09\/2014, Ref.: 473 C 7411\/14<\/strong><\/p>\n<p>If the landlord, one of his family members or members of his household wish to use the rented flat themselves, they can terminate the tenancy for personal use. The landlord must then justify in writing in the letter of cancellation why and for which person he needs the flat. It should be noted that a blocking period may apply. If a building is converted into owner-occupied flats during the tenancy period, termination for personal use is excluded for at least three years. In some cities, the blocking period can also be ten years.<\/p>\n<p>If the tenant does not agree with the termination for personal use, they can object to this termination for personal use if moving out would mean particular hardship for them. If the personal use was only feigned, the tenant can even subsequently assert claims for damages against the landlord. These claims include, for example, relocation, estate agent and renovation costs as well as higher rental expenses for the new flat.<\/p>\n<p>In the Munich Local Court case discussed here, the court had to decide whether a professional footballer was allowed to give notice to his tenant for personal use, even though he only wanted to live in the flat for a certain period of the year and otherwise lived abroad.<\/p>\n<p><img fetchpriority=\"high\" decoding=\"async\" class=\"wp-image-8778 aligncenter\" src=\"https:\/\/www.mth-partner.de\/wp-content\/uploads\/Eigenbedarf_Voraussetzungen.png\" alt=\"\" width=\"981\" height=\"585\" srcset=\"https:\/\/www.mth-partner.de\/wp-content\/uploads\/Eigenbedarf_Voraussetzungen.png 1979w, https:\/\/www.mth-partner.de\/wp-content\/uploads\/Eigenbedarf_Voraussetzungen-600x358.png 600w, https:\/\/www.mth-partner.de\/wp-content\/uploads\/Eigenbedarf_Voraussetzungen-250x149.png 250w, https:\/\/www.mth-partner.de\/wp-content\/uploads\/Eigenbedarf_Voraussetzungen-700x417.png 700w, https:\/\/www.mth-partner.de\/wp-content\/uploads\/Eigenbedarf_Voraussetzungen-768x458.png 768w, https:\/\/www.mth-partner.de\/wp-content\/uploads\/Eigenbedarf_Voraussetzungen-1536x916.png 1536w, https:\/\/www.mth-partner.de\/wp-content\/uploads\/Eigenbedarf_Voraussetzungen-120x72.png 120w\" sizes=\"(max-width: 981px) 100vw, 981px\" \/><\/p>\n<h3><span class=\"ez-toc-section\" id=\"Sachverhalt_des_Verfahrens\"><\/span>Facts of the Case<span class=\"ez-toc-section-end\"><\/span><\/h3>\n<p>In 2011, the plaintiff purchased a 45.56 square metre flat in the Solln district of Munich, which had been rented to the defendant since February 2000. In April 2013, the plaintiff terminated the tenancy for personal use as he planned to live there with his future wife. Although the plaintiff often worked outside Munich as a professional footballer, he wanted to use the flat as his and his wife's main residence, especially during the winter break. The defendant considered the reason for personal use to be pretextual and refused to vacate the flat.<\/p>\n<h3><span class=\"ez-toc-section\" id=\"Entscheidung_des_Amtsgerichts_Munchen\"><\/span>Decision of the Munich Local Court<span class=\"ez-toc-section-end\"><\/span><\/h3>\n<p>The plaintiff filed an action for eviction with the Munich Local Court. The court ruled in favour of the plaintiff and ordered the defendant to vacate the flat. The plaintiff's wife testified that she was currently living in Serbia but was planning to move to Munich to establish a main residence there with her husband and their child. She emphasised that the flat was to be used for the next 3-4 years when the husband came to Munich in his professional spare time.<\/p>\n<h3><span class=\"ez-toc-section\" id=\"Glaubwurdigkeit_der_Zeugin_und_Grunde_der_Entscheidung\"><\/span>Credibility of the witness and reasons for the decision<span class=\"ez-toc-section-end\"><\/span><\/h3>\n<p>The court accepted the witness's statement as she conclusively explained that no other suitable accommodation was available and that she was currently living in cramped conditions in her mother's house in Landsberg. There she shared a room with her disabled sister, which was not a long-term living situation. The court considered the couple's wish to live together in Munich to be understandable and reasonable.<\/p>\n<h3><span class=\"ez-toc-section\" id=\"Schlussfolgerung\"><\/span>Conclusion<span class=\"ez-toc-section-end\"><\/span><\/h3>\n<p>The local court emphasised that it was not the landlord's responsibility to show better or more sensible alternatives for residential use. The plaintiff's wish to move into a flat in Munich together with his wife was a legitimate reason for the termination. The defendant was therefore obliged to vacate the flat. The termination for personal use was deemed lawful as the plaintiff had a legitimate interest in using the flat for his family.<\/p>","protected":false},"excerpt":{"rendered":"<p>Cancellation for personal use is subject to strict factual and formal requirements. In principle, the landlord's guarantee of ownership must be weighed against the tenant's interest in continuing to live in the property.<\/p>","protected":false},"author":4,"featured_media":11620,"comment_status":"open","ping_status":"open","sticky":false,"template":"","format":"standard","meta":{"footnotes":""},"categories":[43],"tags":[],"class_list":["post-4839","post","type-post","status-publish","format-standard","has-post-thumbnail","hentry","category-mietrecht-rechtsanwalt"],"yoast_head":"<!-- This site is optimized with the Yoast SEO plugin v27.5 - https:\/\/yoast.com\/product\/yoast-seo-wordpress\/ -->\n<title>Mietrecht: Eigenbedarfsk\u00fcndigung auch m\u00f6glich, wenn der Vermieter als Profifu\u00dfballer im Ausland arbeitet.<\/title>\n<meta name=\"robots\" content=\"index, follow, max-snippet:-1, max-image-preview:large, max-video-preview:-1\" \/>\n<link rel=\"canonical\" href=\"https:\/\/www.mth-partner.de\/en\/tenancy-law-termination-of-personal-use-also-possible-if-the-landlord-works-abroad-as-a-professional-footballer\/\" \/>\n<meta property=\"og:locale\" content=\"en_GB\" \/>\n<meta property=\"og:type\" content=\"article\" \/>\n<meta property=\"og:title\" content=\"Mietrecht: Eigenbedarfsk\u00fcndigung auch m\u00f6glich, wenn der Vermieter als Profifu\u00dfballer im Ausland arbeitet.\" \/>\n<meta property=\"og:description\" content=\"Die Eigenbedarfsk\u00fcndigung ist an strenge sachliche und formelle Voraussetzungen gekn\u00fcpft. Abzuw\u00e4gen ist grunds\u00e4tzlich zwischen der Eigentumsgarantie des Vermieters und dem Bestandsinteresse des Mieters.\" \/>\n<meta property=\"og:url\" content=\"https:\/\/www.mth-partner.de\/en\/tenancy-law-termination-of-personal-use-also-possible-if-the-landlord-works-abroad-as-a-professional-footballer\/\" \/>\n<meta property=\"og:site_name\" content=\"Rechtsanwaltskanzlei\u00a0Tieben\" \/>\n<meta property=\"article:publisher\" content=\"https:\/\/www.facebook.com\/profile.php?id=100054481000178\" \/>\n<meta property=\"article:published_time\" content=\"2024-10-04T17:15:34+00:00\" \/>\n<meta property=\"article:modified_time\" content=\"2025-05-27T13:25:11+00:00\" \/>\n<meta property=\"og:image\" content=\"https:\/\/www.mth-partner.de\/wp-content\/uploads\/Zivilrecht.jpg\" \/>\n\t<meta property=\"og:image:width\" content=\"1200\" \/>\n\t<meta property=\"og:image:height\" content=\"600\" \/>\n\t<meta property=\"og:image:type\" content=\"image\/jpeg\" \/>\n<meta name=\"author\" content=\"helmer\" \/>\n<meta name=\"twitter:card\" content=\"summary_large_image\" \/>\n<meta name=\"twitter:creator\" content=\"@mth_Tieben\" \/>\n<meta name=\"twitter:site\" content=\"@mth_Tieben\" \/>\n<meta name=\"twitter:label1\" content=\"Written by\" \/>\n\t<meta name=\"twitter:data1\" content=\"helmer\" \/>\n\t<meta name=\"twitter:label2\" content=\"Estimated reading time\" \/>\n\t<meta name=\"twitter:data2\" content=\"3 minutes\" \/>\n<!-- \/ Yoast SEO plugin. -->","yoast_head_json":{"title":"Tenancy law: Own use cancellation also possible if the landlord works abroad as a professional footballer.","robots":{"index":"index","follow":"follow","max-snippet":"max-snippet:-1","max-image-preview":"max-image-preview:large","max-video-preview":"max-video-preview:-1"},"canonical":"https:\/\/www.mth-partner.de\/en\/tenancy-law-termination-of-personal-use-also-possible-if-the-landlord-works-abroad-as-a-professional-footballer\/","og_locale":"en_GB","og_type":"article","og_title":"Mietrecht: Eigenbedarfsk\u00fcndigung auch m\u00f6glich, wenn der Vermieter als Profifu\u00dfballer im Ausland arbeitet.","og_description":"Die Eigenbedarfsk\u00fcndigung ist an strenge sachliche und formelle Voraussetzungen gekn\u00fcpft. Abzuw\u00e4gen ist grunds\u00e4tzlich zwischen der Eigentumsgarantie des Vermieters und dem Bestandsinteresse des Mieters.","og_url":"https:\/\/www.mth-partner.de\/en\/tenancy-law-termination-of-personal-use-also-possible-if-the-landlord-works-abroad-as-a-professional-footballer\/","og_site_name":"Rechtsanwaltskanzlei\u00a0Tieben","article_publisher":"https:\/\/www.facebook.com\/profile.php?id=100054481000178","article_published_time":"2024-10-04T17:15:34+00:00","article_modified_time":"2025-05-27T13:25:11+00:00","og_image":[{"width":1200,"height":600,"url":"https:\/\/www.mth-partner.de\/wp-content\/uploads\/Zivilrecht.jpg","type":"image\/jpeg"}],"author":"helmer","twitter_card":"summary_large_image","twitter_creator":"@mth_Tieben","twitter_site":"@mth_Tieben","twitter_misc":{"Written by":"helmer","Estimated reading time":"3 minutes"},"schema":{"@context":"https:\/\/schema.org","@graph":[{"@type":"Article","@id":"https:\/\/www.mth-partner.de\/mietrecht-eigenbedarfskuendigung-auch-moeglich-wenn-der-vermieter-als-profifussballer-im-ausland-arbeitet\/#article","isPartOf":{"@id":"https:\/\/www.mth-partner.de\/mietrecht-eigenbedarfskuendigung-auch-moeglich-wenn-der-vermieter-als-profifussballer-im-ausland-arbeitet\/"},"author":{"name":"helmer","@id":"https:\/\/www.mth-partner.de\/#\/schema\/person\/fbcf627706a8a6151cec2217af8c74b3"},"headline":"Mietrecht: Eigenbedarfsk\u00fcndigung auch m\u00f6glich, wenn der Vermieter als Profifu\u00dfballer im Ausland arbeitet.","datePublished":"2024-10-04T17:15:34+00:00","dateModified":"2025-05-27T13:25:11+00:00","mainEntityOfPage":{"@id":"https:\/\/www.mth-partner.de\/mietrecht-eigenbedarfskuendigung-auch-moeglich-wenn-der-vermieter-als-profifussballer-im-ausland-arbeitet\/"},"wordCount":574,"commentCount":0,"publisher":{"@id":"https:\/\/www.mth-partner.de\/#organization"},"image":{"@id":"https:\/\/www.mth-partner.de\/mietrecht-eigenbedarfskuendigung-auch-moeglich-wenn-der-vermieter-als-profifussballer-im-ausland-arbeitet\/#primaryimage"},"thumbnailUrl":"https:\/\/www.mth-partner.de\/wp-content\/uploads\/Zivilrecht.jpg","articleSection":["Zivilrecht"],"inLanguage":"en-GB","potentialAction":[{"@type":"CommentAction","name":"Comment","target":["https:\/\/www.mth-partner.de\/mietrecht-eigenbedarfskuendigung-auch-moeglich-wenn-der-vermieter-als-profifussballer-im-ausland-arbeitet\/#respond"]}]},{"@type":"WebPage","@id":"https:\/\/www.mth-partner.de\/mietrecht-eigenbedarfskuendigung-auch-moeglich-wenn-der-vermieter-als-profifussballer-im-ausland-arbeitet\/","url":"https:\/\/www.mth-partner.de\/mietrecht-eigenbedarfskuendigung-auch-moeglich-wenn-der-vermieter-als-profifussballer-im-ausland-arbeitet\/","name":"Tenancy law: Own use cancellation also possible if the landlord works abroad as a professional footballer.","isPartOf":{"@id":"https:\/\/www.mth-partner.de\/#website"},"primaryImageOfPage":{"@id":"https:\/\/www.mth-partner.de\/mietrecht-eigenbedarfskuendigung-auch-moeglich-wenn-der-vermieter-als-profifussballer-im-ausland-arbeitet\/#primaryimage"},"image":{"@id":"https:\/\/www.mth-partner.de\/mietrecht-eigenbedarfskuendigung-auch-moeglich-wenn-der-vermieter-als-profifussballer-im-ausland-arbeitet\/#primaryimage"},"thumbnailUrl":"https:\/\/www.mth-partner.de\/wp-content\/uploads\/Zivilrecht.jpg","datePublished":"2024-10-04T17:15:34+00:00","dateModified":"2025-05-27T13:25:11+00:00","breadcrumb":{"@id":"https:\/\/www.mth-partner.de\/mietrecht-eigenbedarfskuendigung-auch-moeglich-wenn-der-vermieter-als-profifussballer-im-ausland-arbeitet\/#breadcrumb"},"inLanguage":"en-GB","potentialAction":[{"@type":"ReadAction","target":["https:\/\/www.mth-partner.de\/mietrecht-eigenbedarfskuendigung-auch-moeglich-wenn-der-vermieter-als-profifussballer-im-ausland-arbeitet\/"]}]},{"@type":"ImageObject","inLanguage":"en-GB","@id":"https:\/\/www.mth-partner.de\/mietrecht-eigenbedarfskuendigung-auch-moeglich-wenn-der-vermieter-als-profifussballer-im-ausland-arbeitet\/#primaryimage","url":"https:\/\/www.mth-partner.de\/wp-content\/uploads\/Zivilrecht.jpg","contentUrl":"https:\/\/www.mth-partner.de\/wp-content\/uploads\/Zivilrecht.jpg","width":1200,"height":600,"caption":"Zivilrecht"},{"@type":"BreadcrumbList","@id":"https:\/\/www.mth-partner.de\/mietrecht-eigenbedarfskuendigung-auch-moeglich-wenn-der-vermieter-als-profifussballer-im-ausland-arbeitet\/#breadcrumb","itemListElement":[{"@type":"ListItem","position":1,"name":"Home","item":"https:\/\/www.mth-partner.de\/"},{"@type":"ListItem","position":2,"name":"Zivilrecht","item":"https:\/\/www.mth-partner.de\/category\/mietrecht-rechtsanwalt\/"},{"@type":"ListItem","position":3,"name":"Mietrecht: Eigenbedarfsk\u00fcndigung auch m\u00f6glich, wenn der Vermieter als Profifu\u00dfballer im Ausland arbeitet."}]},{"@type":"WebSite","@id":"https:\/\/www.mth-partner.de\/#website","url":"https:\/\/www.mth-partner.de\/","name":"Law firm Tieben","description":"Lawyer Tieben \/ Law firm Cologne","publisher":{"@id":"https:\/\/www.mth-partner.de\/#organization"},"potentialAction":[{"@type":"SearchAction","target":{"@type":"EntryPoint","urlTemplate":"https:\/\/www.mth-partner.de\/?s={search_term_string}"},"query-input":{"@type":"PropertyValueSpecification","valueRequired":true,"valueName":"search_term_string"}}],"inLanguage":"en-GB"},{"@type":"Organization","@id":"https:\/\/www.mth-partner.de\/#organization","name":"Law firm Tieben","url":"https:\/\/www.mth-partner.de\/","logo":{"@type":"ImageObject","inLanguage":"en-GB","@id":"https:\/\/www.mth-partner.de\/#\/schema\/logo\/image\/","url":"https:\/\/www.mth-partner.de\/wp-content\/uploads\/logo.png","contentUrl":"https:\/\/www.mth-partner.de\/wp-content\/uploads\/logo.png","width":254,"height":52,"caption":"Rechtsanwaltskanzlei\u00a0Tieben"},"image":{"@id":"https:\/\/www.mth-partner.de\/#\/schema\/logo\/image\/"},"sameAs":["https:\/\/www.facebook.com\/profile.php?id=100054481000178","https:\/\/x.com\/mth_Tieben","https:\/\/www.linkedin.com\/in\/helmer-tieben-09570226"]},{"@type":"Person","@id":"https:\/\/www.mth-partner.de\/#\/schema\/person\/fbcf627706a8a6151cec2217af8c74b3","name":"helmer","image":{"@type":"ImageObject","inLanguage":"en-GB","@id":"https:\/\/secure.gravatar.com\/avatar\/f3308295754604f18007cf9e14e5984d1b864d3edea19e3681ff8c9354cd73e8?s=96&d=mm&r=g","url":"https:\/\/secure.gravatar.com\/avatar\/f3308295754604f18007cf9e14e5984d1b864d3edea19e3681ff8c9354cd73e8?s=96&d=mm&r=g","contentUrl":"https:\/\/secure.gravatar.com\/avatar\/f3308295754604f18007cf9e14e5984d1b864d3edea19e3681ff8c9354cd73e8?s=96&d=mm&r=g","caption":"helmer"}}]}},"_links":{"self":[{"href":"https:\/\/www.mth-partner.de\/en\/wp-json\/wp\/v2\/posts\/4839","targetHints":{"allow":["GET"]}}],"collection":[{"href":"https:\/\/www.mth-partner.de\/en\/wp-json\/wp\/v2\/posts"}],"about":[{"href":"https:\/\/www.mth-partner.de\/en\/wp-json\/wp\/v2\/types\/post"}],"author":[{"embeddable":true,"href":"https:\/\/www.mth-partner.de\/en\/wp-json\/wp\/v2\/users\/4"}],"replies":[{"embeddable":true,"href":"https:\/\/www.mth-partner.de\/en\/wp-json\/wp\/v2\/comments?post=4839"}],"version-history":[{"count":1,"href":"https:\/\/www.mth-partner.de\/en\/wp-json\/wp\/v2\/posts\/4839\/revisions"}],"predecessor-version":[{"id":9608,"href":"https:\/\/www.mth-partner.de\/en\/wp-json\/wp\/v2\/posts\/4839\/revisions\/9608"}],"wp:featuredmedia":[{"embeddable":true,"href":"https:\/\/www.mth-partner.de\/en\/wp-json\/wp\/v2\/media\/11620"}],"wp:attachment":[{"href":"https:\/\/www.mth-partner.de\/en\/wp-json\/wp\/v2\/media?parent=4839"}],"wp:term":[{"taxonomy":"category","embeddable":true,"href":"https:\/\/www.mth-partner.de\/en\/wp-json\/wp\/v2\/categories?post=4839"},{"taxonomy":"post_tag","embeddable":true,"href":"https:\/\/www.mth-partner.de\/en\/wp-json\/wp\/v2\/tags?post=4839"}],"curies":[{"name":"wp","href":"https:\/\/api.w.org\/{rel}","templated":true}]}}