{"id":4841,"date":"2016-02-28T10:24:18","date_gmt":"2016-02-28T10:24:18","guid":{"rendered":"https:\/\/www.mth-partner.de\/?p=4841"},"modified":"2025-10-28T05:41:13","modified_gmt":"2025-10-28T05:41:13","slug":"mietrecht-die-eigenbedarfskuendigung-ist-auch-dann-moeglich-wenn-der-vermieter-als-profifussballer-im-ausland-lebt","status":"publish","type":"post","link":"https:\/\/www.mth-partner.de\/en\/tenancy-law-termination-for-personal-use-is-also-possible-if-the-landlord-lives-abroad-as-a-professional-footballer\/","title":{"rendered":"Tenancy law: The landlord can also terminate the tenancy agreement if the landlord lives abroad as a professional footballer."},"content":{"rendered":"<p><strong>Munich Local Court, 30\/09\/2014, Ref.: 473 C 7411\/14<\/strong><\/p>\n<p>If the landlord, one of his family members or members of his household wish to use the rented flat themselves, they can terminate the tenancy for personal use. The landlord must then justify in writing in the letter of cancellation why and for which person he needs the flat. It should be noted that a blocking period may apply. If a building is converted into owner-occupied flats during the tenancy period, termination for personal use is excluded for at least three years. In some cities, the blocking period can also be ten years. If the tenant does not agree with the termination for personal use, they can lodge an objection to the termination for personal use if moving out would mean particular hardship for them. If the personal use was only feigned, the tenant can even subsequently assert claims for damages against the landlord. These claims include, for example, relocation, estate agent and renovation costs as well as higher rental expenses for the new flat.<\/p>\n<p><img fetchpriority=\"high\" decoding=\"async\" class=\"alignnone wp-image-7018 alignright\" src=\"https:\/\/www.mth-partner.de\/wp-content\/uploads\/Eigenbedarf.png\" alt=\"For whom may I register personal use? Lawyer Cancellation Eviction\" width=\"799\" height=\"456\" srcset=\"https:\/\/www.mth-partner.de\/wp-content\/uploads\/Eigenbedarf.png 982w, https:\/\/www.mth-partner.de\/wp-content\/uploads\/Eigenbedarf-600x342.png 600w, https:\/\/www.mth-partner.de\/wp-content\/uploads\/Eigenbedarf-250x143.png 250w, https:\/\/www.mth-partner.de\/wp-content\/uploads\/Eigenbedarf-700x399.png 700w, https:\/\/www.mth-partner.de\/wp-content\/uploads\/Eigenbedarf-768x438.png 768w, https:\/\/www.mth-partner.de\/wp-content\/uploads\/Eigenbedarf-120x68.png 120w\" sizes=\"(max-width: 799px) 100vw, 799px\" \/><\/p>\n<p>In the Munich Local Court case discussed here, the court had to decide whether a professional footballer was allowed to give notice to his tenant for personal use, even though he only wanted to live in the flat for a certain period of the year and otherwise lived abroad.<\/p>\n<h2><span class=\"ez-toc-section\" id=\"Sachverhalt_des_gerichtlichen_Verfahrens\"><\/span><strong>Facts of the Case:<\/strong><span class=\"ez-toc-section-end\"><\/span><\/h2>\n<p>The plaintiff in this legal dispute had purchased a 45.56 square metre flat in the Solln district of Munich in 2011. This flat had been let to the defendant tenant since February 2000.<\/p>\n<h3><span class=\"ez-toc-section\" id=\"Klager_war_Vermieter_und_kundigte_wegen_Eigenbedarfs\"><\/span>Plaintiff was landlord and cancelled due to personal use<span class=\"ez-toc-section-end\"><\/span><\/h3>\n<p>In April 2013, the plaintiff terminated the lease for personal use. When <a href=\"https:\/\/www.mth-partner.de\/en\/receive-your-72-hour-emergency-plan\/\">Reason for cancellation<\/a> the plaintiff stated that he and his future wife wanted to move in together. The cancellation was further justified by the fact that the plaintiff intended to marry in early summer and establish a residence in Munich together with his wife.<\/p>\n<h3><span class=\"ez-toc-section\" id=\"Klager_war_Profifusballer_und_arbeitete_oft_im_Ausland\"><\/span>Plaintiff was a professional footballer and often worked abroad<span class=\"ez-toc-section-end\"><\/span><\/h3>\n<p>Due to the plaintiff's profession as a professional football player for a Munich club, he would not always work in Munich. However, he would intend to keep the flat in dispute as his main residence together with his wife and to return there again and again and also use this flat during the winter break. Despite the notice of termination, the defendant did not vacate the flat as it considered the plaintiff's reason for termination to be pretextual.<\/p>\n<h2><span class=\"ez-toc-section\" id=\"Urteil_des_Amtsgerichts_Munchen\"><\/span><strong>Judgment of the District Court of Munich<\/strong><span class=\"ez-toc-section-end\"><\/span><\/h2>\n<h3><span class=\"ez-toc-section\" id=\"Als_sich_seine_Mieterin_weigerte_klagte_der_Klager_auf_Raumung\"><\/span>When his tenant refused, the plaintiff sued for eviction<span class=\"ez-toc-section-end\"><\/span><\/h3>\n<p>Due to the failure to vacate, the plaintiff finally filed an action for eviction with the Munich Local Court. The Munich Local Court followed the plaintiff's opinion and ruled that the defendant must vacate the flat. During the hearing of evidence, the court heard the plaintiff's wife as a witness.<\/p>\n<h3><span class=\"ez-toc-section\" id=\"In_der_Beweisaufnahme_wurde_die_Ehefrau_des_Klagers_zum_Eigenbedarf_angehort\"><\/span>During the hearing of evidence, the plaintiff's wife was heard on the issue of personal use<span class=\"ez-toc-section-end\"><\/span><\/h3>\n<p>She stated that her husband worked in Serbia and that he had training twice a day. Most recently, she and her husband had lived in Munich, but separately. She was currently living in a flat in Serbia, but would now like to move back to Munich in order to be able to establish a main residence in Munich. As soon as her husband, i.e. the plaintiff, was free, he would also live together with the witness in the flat in Munich. The witness also stated that she and her husband had jointly decided that their recently born child should grow up in Germany. Another flat was not available. It was planned that the flat would be occupied by the witness and her young child for at least the next 3-4 years and that if the husband was free at weekends or during training-free periods, he would also live in the flat with the family. The witness also stated that she stayed at her mother's house near Landsberg during her visits to Germany. However, she did not have her own room in her mother's house, but slept and lived with her baby in the room of her disabled sister. Her sister always comes home at the weekend as she works in a sheltered workshop during the week and also spends the night there.<\/p>\n<h3><span class=\"ez-toc-section\" id=\"Gericht_glaubte_der_Ehefrau_und_sah_Eigenbedarf_als_gegeben_an\"><\/span>Court believed the wife and considered personal use to be given<span class=\"ez-toc-section-end\"><\/span><\/h3>\n<p>The court believed the witness's statement. The court also did not see any unreasonable intention in the desire to acquire the property. In principle, the court was generally not allowed to review whether there were better or more sensible alternatives to the landlord's intention to use the property. The plaintiff's desire for a shared residence in Munich was understandable and reasonable. It was understandable that the plaintiff wanted to move into a flat in Munich together with his wife, who was from the Munich area.<\/p>\n<p>Source: District Court of Munich<\/p>\n<p><strong>Important Note: The content of this article has been prepared to the best of our knowledge and belief. However, due to the complexity and constant evolution of the subject matter, we must exclude liability and warranty.<\/strong> Important Notice: The content of this article has been created to the best of our knowledge and understanding. However, due to the complexity and constant changes in the subject matter, we must exclude any liability and warranty.<\/p>\n<p>If you need legal advice, feel free to call us at 0221 \u2013 80187670 or email us at info@mth-partner.de.<\/p>\n<p><a href=\"https:\/\/www.mth-partner.de\/en\/de\/koeln\/mietrecht-rechtsanwalt\/\">Lawyers in Cologne provide advice and representation in tenancy law.<\/a><\/p>","protected":false},"excerpt":{"rendered":"<p>The termination for personal use is subject to strict factual and formal requirements. If the landlord feigns personal use, the former tenant can even assert claims for damages against the landlord at a later date. <\/p>","protected":false},"author":4,"featured_media":11961,"comment_status":"open","ping_status":"open","sticky":false,"template":"","format":"standard","meta":{"footnotes":""},"categories":[43],"tags":[3027,2528,2928],"class_list":["post-4841","post","type-post","status-publish","format-standard","has-post-thumbnail","hentry","category-mietrecht-rechtsanwalt","tag-muss-man-fuer-eine-eigenbedarfskuendigung-immer-in-der-wohnung-leben","tag-rechtsanwalt-koeln-eigenbedarfskuendigung","tag-widerspruch-gegen-eigenbedarfskuendigung"],"yoast_head":"<!-- This site is optimized with the Yoast SEO plugin v27.5 - https:\/\/yoast.com\/product\/yoast-seo-wordpress\/ -->\n<title>Mietrecht: Die Eigenbedarfsk\u00fcndigung ist auch dann m\u00f6glich, wenn der Vermieter als Profifu\u00dfballer im Ausland lebt.<\/title>\n<meta name=\"description\" content=\"Die Wirksamkeit der Eigenbedarfsk\u00fcndigung ist nicht daran gekn\u00fcpft, dass der Vermieter die ganze Zeit in der Wohnung lebt.\" \/>\n<meta name=\"robots\" content=\"index, follow, max-snippet:-1, max-image-preview:large, max-video-preview:-1\" \/>\n<link rel=\"canonical\" href=\"https:\/\/www.mth-partner.de\/en\/tenancy-law-termination-for-personal-use-is-also-possible-if-the-landlord-lives-abroad-as-a-professional-footballer\/\" \/>\n<meta property=\"og:locale\" content=\"en_GB\" \/>\n<meta property=\"og:type\" content=\"article\" \/>\n<meta property=\"og:title\" content=\"Mietrecht: Die Eigenbedarfsk\u00fcndigung ist auch dann m\u00f6glich, wenn der Vermieter als Profifu\u00dfballer im Ausland lebt.\" \/>\n<meta property=\"og:description\" content=\"Die Wirksamkeit der Eigenbedarfsk\u00fcndigung ist nicht daran gekn\u00fcpft, dass der Vermieter die ganze Zeit in der Wohnung lebt.\" \/>\n<meta property=\"og:url\" content=\"https:\/\/www.mth-partner.de\/en\/tenancy-law-termination-for-personal-use-is-also-possible-if-the-landlord-lives-abroad-as-a-professional-footballer\/\" \/>\n<meta property=\"og:site_name\" content=\"Rechtsanwaltskanzlei\u00a0Tieben\" \/>\n<meta property=\"article:publisher\" content=\"https:\/\/www.facebook.com\/profile.php?id=100054481000178\" \/>\n<meta property=\"article:published_time\" content=\"2016-02-28T10:24:18+00:00\" \/>\n<meta property=\"article:modified_time\" content=\"2025-10-28T05:41:13+00:00\" \/>\n<meta property=\"og:image\" content=\"https:\/\/www.mth-partner.de\/wp-content\/uploads\/Zivilrecht-1.jpg\" \/>\n\t<meta property=\"og:image:width\" content=\"1200\" \/>\n\t<meta property=\"og:image:height\" content=\"600\" \/>\n\t<meta property=\"og:image:type\" content=\"image\/jpeg\" \/>\n<meta name=\"author\" content=\"helmer\" \/>\n<meta name=\"twitter:card\" content=\"summary_large_image\" \/>\n<meta name=\"twitter:creator\" content=\"@mth_Tieben\" \/>\n<meta name=\"twitter:site\" content=\"@mth_Tieben\" \/>\n<meta name=\"twitter:label1\" content=\"Written by\" \/>\n\t<meta name=\"twitter:data1\" content=\"helmer\" \/>\n\t<meta name=\"twitter:label2\" content=\"Estimated reading time\" \/>\n\t<meta name=\"twitter:data2\" content=\"4 minutes\" \/>\n<!-- \/ Yoast SEO plugin. -->","yoast_head_json":{"title":"Tenancy law: The landlord can also terminate the tenancy agreement if the landlord lives abroad as a professional footballer.","description":"The effectiveness of the termination for personal use is not linked to the landlord living in the flat all the time.","robots":{"index":"index","follow":"follow","max-snippet":"max-snippet:-1","max-image-preview":"max-image-preview:large","max-video-preview":"max-video-preview:-1"},"canonical":"https:\/\/www.mth-partner.de\/en\/tenancy-law-termination-for-personal-use-is-also-possible-if-the-landlord-lives-abroad-as-a-professional-footballer\/","og_locale":"en_GB","og_type":"article","og_title":"Mietrecht: Die Eigenbedarfsk\u00fcndigung ist auch dann m\u00f6glich, wenn der Vermieter als Profifu\u00dfballer im Ausland lebt.","og_description":"Die Wirksamkeit der Eigenbedarfsk\u00fcndigung ist nicht daran gekn\u00fcpft, dass der Vermieter die ganze Zeit in der Wohnung lebt.","og_url":"https:\/\/www.mth-partner.de\/en\/tenancy-law-termination-for-personal-use-is-also-possible-if-the-landlord-lives-abroad-as-a-professional-footballer\/","og_site_name":"Rechtsanwaltskanzlei\u00a0Tieben","article_publisher":"https:\/\/www.facebook.com\/profile.php?id=100054481000178","article_published_time":"2016-02-28T10:24:18+00:00","article_modified_time":"2025-10-28T05:41:13+00:00","og_image":[{"width":1200,"height":600,"url":"https:\/\/www.mth-partner.de\/wp-content\/uploads\/Zivilrecht-1.jpg","type":"image\/jpeg"}],"author":"helmer","twitter_card":"summary_large_image","twitter_creator":"@mth_Tieben","twitter_site":"@mth_Tieben","twitter_misc":{"Written by":"helmer","Estimated reading time":"4 minutes"},"schema":{"@context":"https:\/\/schema.org","@graph":[{"@type":"Article","@id":"https:\/\/www.mth-partner.de\/mietrecht-die-eigenbedarfskuendigung-ist-auch-dann-moeglich-wenn-der-vermieter-als-profifussballer-im-ausland-lebt\/#article","isPartOf":{"@id":"https:\/\/www.mth-partner.de\/mietrecht-die-eigenbedarfskuendigung-ist-auch-dann-moeglich-wenn-der-vermieter-als-profifussballer-im-ausland-lebt\/"},"author":{"name":"helmer","@id":"https:\/\/www.mth-partner.de\/#\/schema\/person\/fbcf627706a8a6151cec2217af8c74b3"},"headline":"Mietrecht: Die Eigenbedarfsk\u00fcndigung ist auch dann m\u00f6glich, wenn der Vermieter als Profifu\u00dfballer im Ausland lebt.","datePublished":"2016-02-28T10:24:18+00:00","dateModified":"2025-10-28T05:41:13+00:00","mainEntityOfPage":{"@id":"https:\/\/www.mth-partner.de\/mietrecht-die-eigenbedarfskuendigung-ist-auch-dann-moeglich-wenn-der-vermieter-als-profifussballer-im-ausland-lebt\/"},"wordCount":905,"commentCount":0,"publisher":{"@id":"https:\/\/www.mth-partner.de\/#organization"},"image":{"@id":"https:\/\/www.mth-partner.de\/mietrecht-die-eigenbedarfskuendigung-ist-auch-dann-moeglich-wenn-der-vermieter-als-profifussballer-im-ausland-lebt\/#primaryimage"},"thumbnailUrl":"https:\/\/www.mth-partner.de\/wp-content\/uploads\/Zivilrecht-1.jpg","keywords":["Muss man f\u00fcr eine Eigenbedarfsk\u00fcndigung immer in der Wohnung leben?","Rechtsanwalt K\u00f6ln Eigenbedarfsk\u00fcndigung","Widerspruch gegen Eigenbedarfsk\u00fcndigung"],"articleSection":["Zivilrecht"],"inLanguage":"en-GB","potentialAction":[{"@type":"CommentAction","name":"Comment","target":["https:\/\/www.mth-partner.de\/mietrecht-die-eigenbedarfskuendigung-ist-auch-dann-moeglich-wenn-der-vermieter-als-profifussballer-im-ausland-lebt\/#respond"]}]},{"@type":"WebPage","@id":"https:\/\/www.mth-partner.de\/mietrecht-die-eigenbedarfskuendigung-ist-auch-dann-moeglich-wenn-der-vermieter-als-profifussballer-im-ausland-lebt\/","url":"https:\/\/www.mth-partner.de\/mietrecht-die-eigenbedarfskuendigung-ist-auch-dann-moeglich-wenn-der-vermieter-als-profifussballer-im-ausland-lebt\/","name":"Tenancy law: The landlord can also terminate the tenancy agreement if the landlord lives abroad as a professional footballer.","isPartOf":{"@id":"https:\/\/www.mth-partner.de\/#website"},"primaryImageOfPage":{"@id":"https:\/\/www.mth-partner.de\/mietrecht-die-eigenbedarfskuendigung-ist-auch-dann-moeglich-wenn-der-vermieter-als-profifussballer-im-ausland-lebt\/#primaryimage"},"image":{"@id":"https:\/\/www.mth-partner.de\/mietrecht-die-eigenbedarfskuendigung-ist-auch-dann-moeglich-wenn-der-vermieter-als-profifussballer-im-ausland-lebt\/#primaryimage"},"thumbnailUrl":"https:\/\/www.mth-partner.de\/wp-content\/uploads\/Zivilrecht-1.jpg","datePublished":"2016-02-28T10:24:18+00:00","dateModified":"2025-10-28T05:41:13+00:00","description":"The effectiveness of the termination for personal use is not linked to the landlord living in the flat all the time.","breadcrumb":{"@id":"https:\/\/www.mth-partner.de\/mietrecht-die-eigenbedarfskuendigung-ist-auch-dann-moeglich-wenn-der-vermieter-als-profifussballer-im-ausland-lebt\/#breadcrumb"},"inLanguage":"en-GB","potentialAction":[{"@type":"ReadAction","target":["https:\/\/www.mth-partner.de\/mietrecht-die-eigenbedarfskuendigung-ist-auch-dann-moeglich-wenn-der-vermieter-als-profifussballer-im-ausland-lebt\/"]}]},{"@type":"ImageObject","inLanguage":"en-GB","@id":"https:\/\/www.mth-partner.de\/mietrecht-die-eigenbedarfskuendigung-ist-auch-dann-moeglich-wenn-der-vermieter-als-profifussballer-im-ausland-lebt\/#primaryimage","url":"https:\/\/www.mth-partner.de\/wp-content\/uploads\/Zivilrecht-1.jpg","contentUrl":"https:\/\/www.mth-partner.de\/wp-content\/uploads\/Zivilrecht-1.jpg","width":1200,"height":600,"caption":"Zivilrecht"},{"@type":"BreadcrumbList","@id":"https:\/\/www.mth-partner.de\/mietrecht-die-eigenbedarfskuendigung-ist-auch-dann-moeglich-wenn-der-vermieter-als-profifussballer-im-ausland-lebt\/#breadcrumb","itemListElement":[{"@type":"ListItem","position":1,"name":"Home","item":"https:\/\/www.mth-partner.de\/"},{"@type":"ListItem","position":2,"name":"Zivilrecht","item":"https:\/\/www.mth-partner.de\/category\/mietrecht-rechtsanwalt\/"},{"@type":"ListItem","position":3,"name":"Mietrecht: Die Eigenbedarfsk\u00fcndigung ist auch dann m\u00f6glich, wenn der Vermieter als Profifu\u00dfballer im Ausland lebt."}]},{"@type":"WebSite","@id":"https:\/\/www.mth-partner.de\/#website","url":"https:\/\/www.mth-partner.de\/","name":"Law firm Tieben","description":"Lawyer Tieben \/ Law firm Cologne","publisher":{"@id":"https:\/\/www.mth-partner.de\/#organization"},"potentialAction":[{"@type":"SearchAction","target":{"@type":"EntryPoint","urlTemplate":"https:\/\/www.mth-partner.de\/?s={search_term_string}"},"query-input":{"@type":"PropertyValueSpecification","valueRequired":true,"valueName":"search_term_string"}}],"inLanguage":"en-GB"},{"@type":"Organization","@id":"https:\/\/www.mth-partner.de\/#organization","name":"Law firm Tieben","url":"https:\/\/www.mth-partner.de\/","logo":{"@type":"ImageObject","inLanguage":"en-GB","@id":"https:\/\/www.mth-partner.de\/#\/schema\/logo\/image\/","url":"https:\/\/www.mth-partner.de\/wp-content\/uploads\/logo.png","contentUrl":"https:\/\/www.mth-partner.de\/wp-content\/uploads\/logo.png","width":254,"height":52,"caption":"Rechtsanwaltskanzlei\u00a0Tieben"},"image":{"@id":"https:\/\/www.mth-partner.de\/#\/schema\/logo\/image\/"},"sameAs":["https:\/\/www.facebook.com\/profile.php?id=100054481000178","https:\/\/x.com\/mth_Tieben","https:\/\/www.linkedin.com\/in\/helmer-tieben-09570226"]},{"@type":"Person","@id":"https:\/\/www.mth-partner.de\/#\/schema\/person\/fbcf627706a8a6151cec2217af8c74b3","name":"helmer","image":{"@type":"ImageObject","inLanguage":"en-GB","@id":"https:\/\/secure.gravatar.com\/avatar\/f3308295754604f18007cf9e14e5984d1b864d3edea19e3681ff8c9354cd73e8?s=96&d=mm&r=g","url":"https:\/\/secure.gravatar.com\/avatar\/f3308295754604f18007cf9e14e5984d1b864d3edea19e3681ff8c9354cd73e8?s=96&d=mm&r=g","contentUrl":"https:\/\/secure.gravatar.com\/avatar\/f3308295754604f18007cf9e14e5984d1b864d3edea19e3681ff8c9354cd73e8?s=96&d=mm&r=g","caption":"helmer"}}]}},"_links":{"self":[{"href":"https:\/\/www.mth-partner.de\/en\/wp-json\/wp\/v2\/posts\/4841","targetHints":{"allow":["GET"]}}],"collection":[{"href":"https:\/\/www.mth-partner.de\/en\/wp-json\/wp\/v2\/posts"}],"about":[{"href":"https:\/\/www.mth-partner.de\/en\/wp-json\/wp\/v2\/types\/post"}],"author":[{"embeddable":true,"href":"https:\/\/www.mth-partner.de\/en\/wp-json\/wp\/v2\/users\/4"}],"replies":[{"embeddable":true,"href":"https:\/\/www.mth-partner.de\/en\/wp-json\/wp\/v2\/comments?post=4841"}],"version-history":[{"count":1,"href":"https:\/\/www.mth-partner.de\/en\/wp-json\/wp\/v2\/posts\/4841\/revisions"}],"predecessor-version":[{"id":7342,"href":"https:\/\/www.mth-partner.de\/en\/wp-json\/wp\/v2\/posts\/4841\/revisions\/7342"}],"wp:featuredmedia":[{"embeddable":true,"href":"https:\/\/www.mth-partner.de\/en\/wp-json\/wp\/v2\/media\/11961"}],"wp:attachment":[{"href":"https:\/\/www.mth-partner.de\/en\/wp-json\/wp\/v2\/media?parent=4841"}],"wp:term":[{"taxonomy":"category","embeddable":true,"href":"https:\/\/www.mth-partner.de\/en\/wp-json\/wp\/v2\/categories?post=4841"},{"taxonomy":"post_tag","embeddable":true,"href":"https:\/\/www.mth-partner.de\/en\/wp-json\/wp\/v2\/tags?post=4841"}],"curies":[{"name":"wp","href":"https:\/\/api.w.org\/{rel}","templated":true}]}}