{"id":5213,"date":"2017-12-04T15:10:26","date_gmt":"2017-12-04T15:10:26","guid":{"rendered":"https:\/\/www.mth-partner.de\/?p=5213"},"modified":"2026-01-02T07:20:44","modified_gmt":"2026-01-02T07:20:44","slug":"auslaenderrecht-aussetzung-des-familiennachzugs-zu-subsidiaer-schutzberechtigten-gemaess-104-abs-13-s-1-aufenthg","status":"publish","type":"post","link":"https:\/\/www.mth-partner.de\/en\/immigration-law-suspension-of-family-reunification-for-beneficiaries-of-subsidiary-protection-pursuant-to-section-104-paragraph-13-sentence-1-of-the-residence-act-aufenthg\/","title":{"rendered":"Immigration Law: Suspension of Family Reunification for Beneficiaries of Subsidiary Protection pursuant to Section 104, Paragraph 13, Sentence 1 of the Residence Act (AufenthG)."},"content":{"rendered":"<p><strong>Federal Constitutional Court, October 11, 2017, Case No.: 2 BvR 1758\/17<\/strong><\/p>\n<p>According to Section 4, Paragraph 1, a foreigner is considered a beneficiary of subsidiary protection if they have presented substantial reasons to believe that they face a serious threat in their country of origin. A serious threat includes the imposition or execution of the death penalty, torture, inhumane or degrading treatment or punishment, or a serious individual threat to the life or integrity of a civilian due to indiscriminate violence in the context of an international or internal armed conflict. Through the regulation in Section 104, Paragraph 13 of the Residence Act (AufenthG), the law introducing accelerated asylum procedures of March 11, 2016 (Federal Law Gazette I p. 390), as part of the so-called \u201eAsylum Package II,\u201c suspended family reunification for persons granted subsidiary protection until March 16, 2018.<\/p>\n<p>The regulation regarding family reunification for recognized refugees remained unchanged. In this case before the Federal Constitutional Court, the complainants sought the provisional issuance of visas for family reunification with a minor who had been granted subsidiary protection (Complainant 1), alternatively the issuance of visas for humanitarian reasons.<\/p>\n<h3><span class=\"ez-toc-section\" id=\"Einfuhrung_und_Hintergrund\"><\/span>Introduction and Background<span class=\"ez-toc-section-end\"><\/span><\/h3>\n<p>The present case concerns a constitutional complaint filed by a Syrian family against the denial of family reunification. The case is set against the backdrop of Germany\u2019s current asylum and migration policy and raises questions about the protection of families separated under subsidiary protection. In particular, the case highlights the constitutional implications of Section 104, Paragraph 13 of the Residence Act (AufenthG), which restricts family reunification for beneficiaries of subsidiary protection.<\/p>\n<h3><span class=\"ez-toc-section\" id=\"Sachverhalt_und_rechtlicher_Rahmen\"><\/span>Facts and Legal Framework<span class=\"ez-toc-section-end\"><\/span><\/h3>\n<p>The complainants consist of a young Syrian who arrived in Germany in 2015 as an unaccompanied minor and was granted subsidiary protection, as well as his family, who remained in Syria. The son, who was still a minor at the time, applied for asylum and was granted subsidiary protection in August 2016. Despite efforts, his parents and siblings, who remained in Damascus, could not obtain a positive decision on their visa applications and therefore turned to the administrative court for interim legal protection. Both the administrative court and the higher administrative court rejected the application, partly on the grounds that the claim to family reunification was excluded by law.<\/p>\n<h3><span class=\"ez-toc-section\" id=\"Argumentation_der_Beschwerdefuhrer\"><\/span>Arguments of the Complainants<span class=\"ez-toc-section-end\"><\/span><\/h3>\n<p>The complainants argue that the provision in Section 104, Paragraph 13 of the Residence Act (AufenthG) is unconstitutional, as it violates Article 3, Paragraph 1 (principle of equality) and Article 6, Paragraph 1 of the Basic Law (protection of marriage and family). Furthermore, they cited the provisions of the EU Family Reunification Directive and the UN Convention on the Rights of the Child. They emphasized the particular vulnerability of the family due to the humanitarian situation in Syria and argued that the denial of family reunification constituted a disproportionate burden.<\/p>\n<h3><span class=\"ez-toc-section\" id=\"Entscheidung_des_Bundesverfassungsgerichts\"><\/span>Decision of the Federal Constitutional Court<span class=\"ez-toc-section-end\"><\/span><\/h3>\n<p>The Federal Constitutional Court rejected the application for an interim order. It clarified that such an order could only be issued under strict conditions, particularly to prevent severe disadvantages or impending violence. In the present case, however, the court found no sufficient reason to justify such an order. It referred to the statutory provision of Section 104, Paragraph 13 of the Residence Act (AufenthG), which explicitly excludes family reunification for beneficiaries of subsidiary protection, and noted that the application was not adequately substantiated.<\/p>\n<h3><span class=\"ez-toc-section\" id=\"Verfassungsrechtliche_Erwagungen\"><\/span>Constitutional Considerations<span class=\"ez-toc-section-end\"><\/span><\/h3>\n<p>The Federal Constitutional Court emphasized the importance of the separation of powers and the necessity of respecting statutory provisions. It pointed out that suspending a statutory provision through an interim order would only be considered in exceptional cases. Such an exceptional case would exist if an unconstitutional provision were identified. Since this was not the case here and no particular vulnerability of the complainants had been demonstrated, the court ruled that the complainants\u2018 interests were not sufficiently weighty to justify an interim order.<\/p>\n<h3><span class=\"ez-toc-section\" id=\"Abwagung_der_Folgen\"><\/span>Balancing the Consequences<span class=\"ez-toc-section-end\"><\/span><\/h3>\n<p>In balancing the consequences of a possible interim order, the Federal Constitutional Court concluded that the risks of such an order outweighed the potential benefits. Had the application been granted, irreversible facts would have been created that could not be undone. Furthermore, this would have had far-reaching consequences for similar cases of family reunification, effectively leading to a suspension of the existing statutory regulation. Such a consequence would contradict the constitutional principle of the separation of powers and would only be permissible in particularly significant cases, which were not present here.<\/p>\n<h3><span class=\"ez-toc-section\" id=\"Schlussfolgerung\"><\/span>Conclusion<span class=\"ez-toc-section-end\"><\/span><\/h3>\n<p>The decision of the Federal Constitutional Court highlights the strict requirements under which an interim order can be issued, particularly concerning the suspension of statutory provisions. In the present case, the court found no sufficient basis for such an order, as the complainants\u2018 constitutional concerns were not considered weighty enough. The case also illustrates the difficult legal and humanitarian challenges associated with family reunification for beneficiaries of subsidiary protection and underscores the importance of carefully balancing individual protection interests with adherence to statutory regulations.<\/p>\n<p>Source: Federal Constitutional Court<\/p>\n<p><strong>Important Note: The content of this article has been prepared to the best of our knowledge and belief. However, due to the complexity and constant evolution of the subject matter, we must exclude liability and warranty.<\/strong> Important Notice: The content of this article has been created to the best of our knowledge and understanding. However, due to the complexity and constant changes in the subject matter, we must exclude any liability and warranty.<\/p>\n<p>If you need legal advice, please feel free to call us at <strong>0221 - 80187670<\/strong> or send us an email to info@mth-partner.de<\/p>\n<p><a href=\"https:\/\/www.mth-partner.de\/en\/services\/immigration-law\/\">Lawyers in Cologne advise and represent clients nationwide in immigration law.<\/a><\/p>","protected":false},"excerpt":{"rendered":"<p>Family reunification is suspended until 16 March 2018 for beneficiaries of subsidiary protection who received a residence permit in accordance with Section 25 (2) sentence 1 second alternative AufenthG after 17 March 2016. This is the subject of this ruling by the Federal Constitutional Court.<\/p>","protected":false},"author":4,"featured_media":11619,"comment_status":"open","ping_status":"open","sticky":false,"template":"","format":"standard","meta":{"footnotes":""},"categories":[3667],"tags":[3094],"class_list":["post-5213","post","type-post","status-publish","format-standard","has-post-thumbnail","hentry","category-familiennachzug","tag-klage-gegen-subsidiaeren-schutz"],"yoast_head":"<!-- This site is optimized with the Yoast SEO plugin v27.5 - https:\/\/yoast.com\/product\/yoast-seo-wordpress\/ -->\n<title>Ausl\u00e4nderrecht: Aussetzung des Familiennachzugs zu subsidi\u00e4r Schutzberechtigten gem\u00e4\u00df \u00a7 104 Abs. 13 S. 1 AufenthG<\/title>\n<meta name=\"description\" content=\"Das Asylpaket II hat den Familiennachzug f\u00fcr 2 Jahre f\u00fcr die Personen ausgesetzt, die lediglich internationalen subsidi\u00e4ren Schutz erhalten.\" \/>\n<meta name=\"robots\" content=\"index, follow, max-snippet:-1, max-image-preview:large, max-video-preview:-1\" \/>\n<link rel=\"canonical\" href=\"https:\/\/www.mth-partner.de\/en\/immigration-law-suspension-of-family-reunification-for-beneficiaries-of-subsidiary-protection-pursuant-to-section-104-paragraph-13-sentence-1-of-the-residence-act-aufenthg\/\" \/>\n<meta property=\"og:locale\" content=\"en_GB\" \/>\n<meta property=\"og:type\" content=\"article\" \/>\n<meta property=\"og:title\" content=\"Ausl\u00e4nderrecht: Aussetzung des Familiennachzugs zu subsidi\u00e4r Schutzberechtigten gem\u00e4\u00df \u00a7 104 Abs. 13 S. 1 AufenthG\" \/>\n<meta property=\"og:description\" content=\"Das Asylpaket II hat den Familiennachzug f\u00fcr 2 Jahre f\u00fcr die Personen ausgesetzt, die lediglich internationalen subsidi\u00e4ren Schutz erhalten.\" \/>\n<meta property=\"og:url\" content=\"https:\/\/www.mth-partner.de\/en\/immigration-law-suspension-of-family-reunification-for-beneficiaries-of-subsidiary-protection-pursuant-to-section-104-paragraph-13-sentence-1-of-the-residence-act-aufenthg\/\" \/>\n<meta property=\"og:site_name\" content=\"Rechtsanwaltskanzlei\u00a0Tieben\" \/>\n<meta property=\"article:publisher\" content=\"https:\/\/www.facebook.com\/profile.php?id=100054481000178\" \/>\n<meta property=\"article:published_time\" content=\"2017-12-04T15:10:26+00:00\" \/>\n<meta property=\"article:modified_time\" content=\"2026-01-02T07:20:44+00:00\" \/>\n<meta property=\"og:image\" content=\"https:\/\/www.mth-partner.de\/wp-content\/uploads\/Auslanderrecht.jpg\" \/>\n\t<meta property=\"og:image:width\" content=\"1200\" \/>\n\t<meta property=\"og:image:height\" content=\"600\" \/>\n\t<meta property=\"og:image:type\" content=\"image\/jpeg\" \/>\n<meta name=\"author\" content=\"helmer\" \/>\n<meta name=\"twitter:card\" content=\"summary_large_image\" \/>\n<meta name=\"twitter:creator\" content=\"@mth_Tieben\" \/>\n<meta name=\"twitter:site\" content=\"@mth_Tieben\" \/>\n<meta name=\"twitter:label1\" content=\"Written by\" \/>\n\t<meta name=\"twitter:data1\" content=\"helmer\" \/>\n\t<meta name=\"twitter:label2\" content=\"Estimated reading time\" \/>\n\t<meta name=\"twitter:data2\" content=\"4 minutes\" \/>\n<!-- \/ Yoast SEO plugin. -->","yoast_head_json":{"title":"Immigration Law: Suspension of Family Reunification for Beneficiaries of Subsidiary Protection pursuant to Section 104, Paragraph 13, Sentence 1 of the Residence Act (AufenthG).","description":"The Asylum Package II has suspended family reunification for two years for people who only receive international subsidiary protection.","robots":{"index":"index","follow":"follow","max-snippet":"max-snippet:-1","max-image-preview":"max-image-preview:large","max-video-preview":"max-video-preview:-1"},"canonical":"https:\/\/www.mth-partner.de\/en\/immigration-law-suspension-of-family-reunification-for-beneficiaries-of-subsidiary-protection-pursuant-to-section-104-paragraph-13-sentence-1-of-the-residence-act-aufenthg\/","og_locale":"en_GB","og_type":"article","og_title":"Ausl\u00e4nderrecht: Aussetzung des Familiennachzugs zu subsidi\u00e4r Schutzberechtigten gem\u00e4\u00df \u00a7 104 Abs. 13 S. 1 AufenthG","og_description":"Das Asylpaket II hat den Familiennachzug f\u00fcr 2 Jahre f\u00fcr die Personen ausgesetzt, die lediglich internationalen subsidi\u00e4ren Schutz erhalten.","og_url":"https:\/\/www.mth-partner.de\/en\/immigration-law-suspension-of-family-reunification-for-beneficiaries-of-subsidiary-protection-pursuant-to-section-104-paragraph-13-sentence-1-of-the-residence-act-aufenthg\/","og_site_name":"Rechtsanwaltskanzlei\u00a0Tieben","article_publisher":"https:\/\/www.facebook.com\/profile.php?id=100054481000178","article_published_time":"2017-12-04T15:10:26+00:00","article_modified_time":"2026-01-02T07:20:44+00:00","og_image":[{"width":1200,"height":600,"url":"https:\/\/www.mth-partner.de\/wp-content\/uploads\/Auslanderrecht.jpg","type":"image\/jpeg"}],"author":"helmer","twitter_card":"summary_large_image","twitter_creator":"@mth_Tieben","twitter_site":"@mth_Tieben","twitter_misc":{"Written by":"helmer","Estimated reading time":"4 minutes"},"schema":{"@context":"https:\/\/schema.org","@graph":[{"@type":"Article","@id":"https:\/\/www.mth-partner.de\/auslaenderrecht-aussetzung-des-familiennachzugs-zu-subsidiaer-schutzberechtigten-gemaess-104-abs-13-s-1-aufenthg\/#article","isPartOf":{"@id":"https:\/\/www.mth-partner.de\/auslaenderrecht-aussetzung-des-familiennachzugs-zu-subsidiaer-schutzberechtigten-gemaess-104-abs-13-s-1-aufenthg\/"},"author":{"name":"helmer","@id":"https:\/\/www.mth-partner.de\/#\/schema\/person\/fbcf627706a8a6151cec2217af8c74b3"},"headline":"Ausl\u00e4nderrecht: Aussetzung des Familiennachzugs zu subsidi\u00e4r Schutzberechtigten gem\u00e4\u00df \u00a7 104 Abs. 13 S. 1 AufenthG","datePublished":"2017-12-04T15:10:26+00:00","dateModified":"2026-01-02T07:20:44+00:00","mainEntityOfPage":{"@id":"https:\/\/www.mth-partner.de\/auslaenderrecht-aussetzung-des-familiennachzugs-zu-subsidiaer-schutzberechtigten-gemaess-104-abs-13-s-1-aufenthg\/"},"wordCount":892,"commentCount":0,"publisher":{"@id":"https:\/\/www.mth-partner.de\/#organization"},"image":{"@id":"https:\/\/www.mth-partner.de\/auslaenderrecht-aussetzung-des-familiennachzugs-zu-subsidiaer-schutzberechtigten-gemaess-104-abs-13-s-1-aufenthg\/#primaryimage"},"thumbnailUrl":"https:\/\/www.mth-partner.de\/wp-content\/uploads\/Auslanderrecht.jpg","keywords":["Klage gegen subsidi\u00e4ren Schutz"],"articleSection":["Familiennachzug"],"inLanguage":"en-GB","potentialAction":[{"@type":"CommentAction","name":"Comment","target":["https:\/\/www.mth-partner.de\/auslaenderrecht-aussetzung-des-familiennachzugs-zu-subsidiaer-schutzberechtigten-gemaess-104-abs-13-s-1-aufenthg\/#respond"]}]},{"@type":"WebPage","@id":"https:\/\/www.mth-partner.de\/auslaenderrecht-aussetzung-des-familiennachzugs-zu-subsidiaer-schutzberechtigten-gemaess-104-abs-13-s-1-aufenthg\/","url":"https:\/\/www.mth-partner.de\/auslaenderrecht-aussetzung-des-familiennachzugs-zu-subsidiaer-schutzberechtigten-gemaess-104-abs-13-s-1-aufenthg\/","name":"Immigration Law: Suspension of Family Reunification for Beneficiaries of Subsidiary Protection pursuant to Section 104, Paragraph 13, Sentence 1 of the Residence Act (AufenthG).","isPartOf":{"@id":"https:\/\/www.mth-partner.de\/#website"},"primaryImageOfPage":{"@id":"https:\/\/www.mth-partner.de\/auslaenderrecht-aussetzung-des-familiennachzugs-zu-subsidiaer-schutzberechtigten-gemaess-104-abs-13-s-1-aufenthg\/#primaryimage"},"image":{"@id":"https:\/\/www.mth-partner.de\/auslaenderrecht-aussetzung-des-familiennachzugs-zu-subsidiaer-schutzberechtigten-gemaess-104-abs-13-s-1-aufenthg\/#primaryimage"},"thumbnailUrl":"https:\/\/www.mth-partner.de\/wp-content\/uploads\/Auslanderrecht.jpg","datePublished":"2017-12-04T15:10:26+00:00","dateModified":"2026-01-02T07:20:44+00:00","description":"The Asylum Package II has suspended family reunification for two years for people who only receive international subsidiary protection.","breadcrumb":{"@id":"https:\/\/www.mth-partner.de\/auslaenderrecht-aussetzung-des-familiennachzugs-zu-subsidiaer-schutzberechtigten-gemaess-104-abs-13-s-1-aufenthg\/#breadcrumb"},"inLanguage":"en-GB","potentialAction":[{"@type":"ReadAction","target":["https:\/\/www.mth-partner.de\/auslaenderrecht-aussetzung-des-familiennachzugs-zu-subsidiaer-schutzberechtigten-gemaess-104-abs-13-s-1-aufenthg\/"]}]},{"@type":"ImageObject","inLanguage":"en-GB","@id":"https:\/\/www.mth-partner.de\/auslaenderrecht-aussetzung-des-familiennachzugs-zu-subsidiaer-schutzberechtigten-gemaess-104-abs-13-s-1-aufenthg\/#primaryimage","url":"https:\/\/www.mth-partner.de\/wp-content\/uploads\/Auslanderrecht.jpg","contentUrl":"https:\/\/www.mth-partner.de\/wp-content\/uploads\/Auslanderrecht.jpg","width":1200,"height":600,"caption":"Ausl\u00e4nderrecht"},{"@type":"BreadcrumbList","@id":"https:\/\/www.mth-partner.de\/auslaenderrecht-aussetzung-des-familiennachzugs-zu-subsidiaer-schutzberechtigten-gemaess-104-abs-13-s-1-aufenthg\/#breadcrumb","itemListElement":[{"@type":"ListItem","position":1,"name":"Home","item":"https:\/\/www.mth-partner.de\/"},{"@type":"ListItem","position":2,"name":"Ausl\u00e4nderrecht","item":"https:\/\/www.mth-partner.de\/category\/auslaenderrecht-anwalt\/"},{"@type":"ListItem","position":3,"name":"Familiennachzug","item":"https:\/\/www.mth-partner.de\/category\/auslaenderrecht-anwalt\/familiennachzug\/"},{"@type":"ListItem","position":4,"name":"Ausl\u00e4nderrecht: Aussetzung des Familiennachzugs zu subsidi\u00e4r Schutzberechtigten gem\u00e4\u00df \u00a7 104 Abs. 13 S. 1 AufenthG"}]},{"@type":"WebSite","@id":"https:\/\/www.mth-partner.de\/#website","url":"https:\/\/www.mth-partner.de\/","name":"Law firm Tieben","description":"Lawyer Tieben \/ Law firm Cologne","publisher":{"@id":"https:\/\/www.mth-partner.de\/#organization"},"potentialAction":[{"@type":"SearchAction","target":{"@type":"EntryPoint","urlTemplate":"https:\/\/www.mth-partner.de\/?s={search_term_string}"},"query-input":{"@type":"PropertyValueSpecification","valueRequired":true,"valueName":"search_term_string"}}],"inLanguage":"en-GB"},{"@type":"Organization","@id":"https:\/\/www.mth-partner.de\/#organization","name":"Law firm Tieben","url":"https:\/\/www.mth-partner.de\/","logo":{"@type":"ImageObject","inLanguage":"en-GB","@id":"https:\/\/www.mth-partner.de\/#\/schema\/logo\/image\/","url":"https:\/\/www.mth-partner.de\/wp-content\/uploads\/logo.png","contentUrl":"https:\/\/www.mth-partner.de\/wp-content\/uploads\/logo.png","width":254,"height":52,"caption":"Rechtsanwaltskanzlei\u00a0Tieben"},"image":{"@id":"https:\/\/www.mth-partner.de\/#\/schema\/logo\/image\/"},"sameAs":["https:\/\/www.facebook.com\/profile.php?id=100054481000178","https:\/\/x.com\/mth_Tieben","https:\/\/www.linkedin.com\/in\/helmer-tieben-09570226"]},{"@type":"Person","@id":"https:\/\/www.mth-partner.de\/#\/schema\/person\/fbcf627706a8a6151cec2217af8c74b3","name":"helmer","image":{"@type":"ImageObject","inLanguage":"en-GB","@id":"https:\/\/secure.gravatar.com\/avatar\/f3308295754604f18007cf9e14e5984d1b864d3edea19e3681ff8c9354cd73e8?s=96&d=mm&r=g","url":"https:\/\/secure.gravatar.com\/avatar\/f3308295754604f18007cf9e14e5984d1b864d3edea19e3681ff8c9354cd73e8?s=96&d=mm&r=g","contentUrl":"https:\/\/secure.gravatar.com\/avatar\/f3308295754604f18007cf9e14e5984d1b864d3edea19e3681ff8c9354cd73e8?s=96&d=mm&r=g","caption":"helmer"}}]}},"_links":{"self":[{"href":"https:\/\/www.mth-partner.de\/en\/wp-json\/wp\/v2\/posts\/5213","targetHints":{"allow":["GET"]}}],"collection":[{"href":"https:\/\/www.mth-partner.de\/en\/wp-json\/wp\/v2\/posts"}],"about":[{"href":"https:\/\/www.mth-partner.de\/en\/wp-json\/wp\/v2\/types\/post"}],"author":[{"embeddable":true,"href":"https:\/\/www.mth-partner.de\/en\/wp-json\/wp\/v2\/users\/4"}],"replies":[{"embeddable":true,"href":"https:\/\/www.mth-partner.de\/en\/wp-json\/wp\/v2\/comments?post=5213"}],"version-history":[{"count":3,"href":"https:\/\/www.mth-partner.de\/en\/wp-json\/wp\/v2\/posts\/5213\/revisions"}],"predecessor-version":[{"id":12961,"href":"https:\/\/www.mth-partner.de\/en\/wp-json\/wp\/v2\/posts\/5213\/revisions\/12961"}],"wp:featuredmedia":[{"embeddable":true,"href":"https:\/\/www.mth-partner.de\/en\/wp-json\/wp\/v2\/media\/11619"}],"wp:attachment":[{"href":"https:\/\/www.mth-partner.de\/en\/wp-json\/wp\/v2\/media?parent=5213"}],"wp:term":[{"taxonomy":"category","embeddable":true,"href":"https:\/\/www.mth-partner.de\/en\/wp-json\/wp\/v2\/categories?post=5213"},{"taxonomy":"post_tag","embeddable":true,"href":"https:\/\/www.mth-partner.de\/en\/wp-json\/wp\/v2\/tags?post=5213"}],"curies":[{"name":"wp","href":"https:\/\/api.w.org\/{rel}","templated":true}]}}