{"id":5283,"date":"2018-04-13T10:51:56","date_gmt":"2018-04-13T10:51:56","guid":{"rendered":"https:\/\/www.mth-partner.de\/?p=5283"},"modified":"2026-01-02T07:06:58","modified_gmt":"2026-01-02T07:06:58","slug":"auslaenderrecht-reichweite-des-abschiebungsverbotes-fuer-kurdische-volksangehoerige","status":"publish","type":"post","link":"https:\/\/www.mth-partner.de\/en\/immigration-law-scope-of-the-deportation-ban-for-kurdish-nationals\/","title":{"rendered":"Immigration Law: Scope of the Deportation Ban for Kurdish Nationals"},"content":{"rendered":"<p><strong>Administrative Court of Karlsruhe, 20.07.2017, Ref.: A 10 K 3981\/16<\/strong><\/p>\n<p>Section 60, Paragraph 1 of the Residence Act (AufenthG) stipulates that a foreigner must not be deported to a state where their life or freedom is threatened due to their race, religion, nationality, membership in a particular social group, or political opinion. This also applies to asylum seekers and foreigners who have been granted refugee status or who, for other reasons, enjoy the legal status of foreign refugees within the Federal Republic or are recognized as foreign refugees outside the Federal Republic under the Refugee Convention. If the foreigner invokes the deportation ban under this paragraph, the Federal Office for Migration and Refugees, except in cases under Sentence 2, determines in an asylum procedure whether the conditions of Sentence 1 are met and whether the foreigner is to be granted refugee status.<\/p>\n<p><img fetchpriority=\"high\" decoding=\"async\" width=\"705\" height=\"266\" class=\"size-full wp-image-2872 aligncenter\" src=\"According to \u00a7 11 of the Residence Act (AufenthG), a foreign national who has been expelled, deported, or removed may not re-enter or stay in the Federal Territory.\" alt=\"Reasons for expulsion\" srcset=\"\" sizes=\"(max-width: 705px) 100vw, 705px\" data-srcset=\"\" \/><\/p>\n<p>Deportation of a foreigner to another state is to be refrained from under Section 60, Paragraph 1 of the Residence Act if there is a significant concrete danger to life, limb, or freedom in that state. A significant concrete danger for health reasons only exists in the case of life-threatening or serious illnesses that would significantly worsen due to deportation.<\/p>\n<p>However, Paragraph 1 does not apply if the foreigner is considered a danger to the security of the Federal Republic of Germany for serious reasons or poses a threat to the public because they have been legally sentenced to a prison term of at least three years for a crime or particularly serious offense. Paragraph 1 can also be disregarded if the foreigner poses a threat to the public because they have been legally sentenced to a prison or juvenile detention term of at least one year for one or more intentional crimes against life, physical integrity, sexual self-determination, property, or resistance against law enforcement officers, provided the crime was committed with violence, threats to life or limb, or deceit, or is a crime under Section 177 of the Penal Code.<\/p>\n<p>In these cases, a foreigner who has applied for asylum may be threatened with deportation and have it carried out, contrary to the provisions of the Asylum Act.<\/p>\n<p>The following judgment examines whether persecution relevant to asylum law is likely in Turkey for a Kurdish national who applied for asylum in Germany, lived in the Federal Republic for decades, participated in demonstrations in support of Kurdish causes, but otherwise did not engage in political activities. According to the decision, this is generally not the case, but it may be evaluated differently in individual cases due to prominent exile-political activities.<\/p>\n<h3><span class=\"ez-toc-section\" id=\"1_Hintergrund_und_Aufenthalt_des_Klagers_in_Deutschland\"><\/span>Background and the Plaintiff\u2019s Stay in Germany<span class=\"ez-toc-section-end\"><\/span><\/h3>\n<p>The plaintiff is a Turkish national of Kurdish ethnicity. He was born in Turkey and lived there until the age of eleven. His parents were recognized as political refugees after entering the Federal Republic. In 1998, the plaintiff moved to Germany with his siblings to join his parents. By now, his parents and at least two of his sisters are German citizens. The plaintiff received a settlement permit in 2005. Despite his family\u2019s integration, the plaintiff repeatedly came into conflict with the law in Germany.<\/p>\n<h3><span class=\"ez-toc-section\" id=\"2_Strafrechtliche_Verurteilungen_und_politischer_Hintergrund\"><\/span>Criminal Convictions and Political Background<span class=\"ez-toc-section-end\"><\/span><\/h3>\n<p>During his stay in Germany, the plaintiff was convicted several times. The convictions include, among other things, attempted murder in concert with attempted arson, intentional bodily harm, and aggravated bodily harm in multiple cases. The most serious offense was a politically motivated arson attack on the premises of a Turkish \u201eIdealists\u201c association in G\u00f6ppingen. The plaintiff and his co-defendants intended to make a political statement in support of Kurdish groups\u2018 struggle against the Turkish government through the attack. The court found that the plaintiff identified with the goals of extremist Kurdish groups that support the fight against the Turkish government. During a house search, 19 copies of a magazine by the Kurdish youth organization \u201eKomalen Ciwan,\u201c which had called for violent actions, were found. The court viewed these findings as evidence of the plaintiff\u2019s political motives. In addition to these politically motivated crimes, the plaintiff was convicted of other offenses, including bodily harm and drug possession. During his stay in prison, the plaintiff also began using drugs such as heroin and cocaine.<\/p>\n<h3><span class=\"ez-toc-section\" id=\"3_Ausweisung_und_Abschiebungsandrohung\"><\/span>Expulsion and Deportation Order<span class=\"ez-toc-section-end\"><\/span><\/h3>\n<p>In light of the plaintiff\u2019s serious crimes, the Regional Council of Stuttgart decided in May 2015 to expel him from the Federal Republic and order his deportation to Turkey. The Regional Council argued that the plaintiff did not face state persecution or torture in Turkey, as the politically motivated offense was long in the past, and the plaintiff himself had no concerns when applying for a passport at the Turkish consulate. The plaintiff then filed a lawsuit against the expulsion order. The Administrative Court of Stuttgart dismissed the lawsuit in March 2016, finding that there were no legal obstacles to deportation to Turkey. The plaintiff applied for leave to appeal to the Baden-W\u00fcrttemberg Higher Administrative Court, but the court denied the application in August 2016, affirming the decision of the Administrative Court of Stuttgart. The plaintiff subsequently filed an asylum application with the Federal Office for Migration and Refugees (BAMF).<\/p>\n<h3><span class=\"ez-toc-section\" id=\"4_Asylantrag_und_Entscheidung_des_BAMF\"><\/span>Asylum Application and BAMF Decision<span class=\"ez-toc-section-end\"><\/span><\/h3>\n<p>The BAMF rejected the plaintiff\u2019s asylum application in August 2016 as manifestly unfounded. The application for subsidiary protection was also denied. The BAMF justified its decision by stating that there was no discernible serious political motivation for the plaintiff\u2019s crimes. The BAMF stated that the plaintiff had no reason to fear persecution relevant to asylum law upon his return to Turkey. Although the plaintiff had participated in demonstrations against Turkish policy, it was unlikely that he would be persecuted in Turkey for this. Furthermore, there was no concrete danger of state persecution in Turkey due to his Kurdish ethnicity.<\/p>\n<h3><span class=\"ez-toc-section\" id=\"5_Verwaltungsgericht_Karlsruhe_Rechtmasigkeit_der_Abschiebungsandrohung\"><\/span>Administrative Court of Karlsruhe: Legality of the Deportation Order<span class=\"ez-toc-section-end\"><\/span><\/h3>\n<p>In August 2016, the plaintiff filed a lawsuit against the BAMF\u2019s decision at the Administrative Court of Karlsruhe and applied for the establishment of a deportation ban. The Administrative Court of Karlsruhe found that the lawsuit was admissible but unfounded. The court ruled that the BAMF\u2019s deportation order was lawful and that no deportation bans under Section 60 of the Residence Act existed. The court based its decision on comprehensive investigations into the current situation in Turkey. These investigations showed that although the human rights situation in Turkey had deteriorated since the attempted coup in July 2016, there was no concrete danger for the plaintiff. While the risk of arbitrary arrests in Turkey had increased, the plaintiff was more relevant to the Turkish authorities as a convicted criminal than as a political opponent. The plaintiff\u2019s conviction for attempted murder in concert with arson was known to the Turkish authorities, but it was unlikely that the plaintiff would be viewed as a PKK supporter. Furthermore, the plaintiff\u2019s Kurdish ethnicity did not constitute grounds for persecution relevant to asylum law.<\/p>\n<h3><span class=\"ez-toc-section\" id=\"6_Zusammenfassung_und_Urteil\"><\/span>Summary and Judgment<span class=\"ez-toc-section-end\"><\/span><\/h3>\n<p>The Administrative Court of Karlsruhe concluded that the deportation order and the entry and residence ban were lawful. The plaintiff could not provide sufficient evidence to demonstrate a significant risk upon his return to Turkey. The expulsion and associated deportation were legally justified, as the plaintiff posed a serious threat to public safety. The nine-year entry ban was deemed appropriate given the severity of the crimes committed and the plaintiff\u2019s continued potential for violence. The plaintiff still has the option to reduce the duration of the entry ban by voluntarily leaving the country. Given the overall evidence, the court upheld the BAMF\u2019s decision and dismissed the lawsuit.<\/p>\n<p>Source: Administrative Court of Karlsruhe<\/p>\n<p><strong>Important Note: The content of this article has been prepared to the best of our knowledge and belief. However, due to the complexity and constant evolution of the subject matter, we must exclude liability and warranty.<\/strong> Important Notice: The content of this article has been created to the best of our knowledge and understanding. However, due to the complexity and constant changes in the subject matter, we must exclude any liability and warranty.<\/p>\n<p>If you need legal advice, please feel free to call us at <strong>0221 - 80187670<\/strong> or send us an email to info@mth-partner.de<\/p>\n<p><a href=\"https:\/\/www.mth-partner.de\/en\/services\/immigration-law\/\">Lawyers in Cologne advise and represent clients nationwide in immigration law.<\/a><\/p>","protected":false},"excerpt":{"rendered":"<p>Despite the difficult situation in Turkey, a Kurdish national who has committed a criminal offence can be deported if the authorities come to the conclusion that he or she is not at risk of persecution in Turkey. <\/p>","protected":false},"author":4,"featured_media":11619,"comment_status":"open","ping_status":"open","sticky":false,"template":"","format":"standard","meta":{"footnotes":""},"categories":[3666],"tags":[],"class_list":["post-5283","post","type-post","status-publish","format-standard","has-post-thumbnail","hentry","category-aufenthaltsbeendigung"],"yoast_head":"<!-- This site is optimized with the Yoast SEO plugin v27.5 - https:\/\/yoast.com\/product\/yoast-seo-wordpress\/ -->\n<title>Ausl\u00e4nderrecht: Reichweite des Abschiebungsverbotes f\u00fcr kurdische Volksangeh\u00f6rige<\/title>\n<meta name=\"description\" content=\"Bei der Anordnung der Abschiebung kurdischer Volksangeh\u00f6riger in die T\u00fcrkei ist eine genaue Einzelfallpr\u00fcfung vorzunehmen.\" \/>\n<meta name=\"robots\" content=\"index, follow, max-snippet:-1, max-image-preview:large, max-video-preview:-1\" \/>\n<link rel=\"canonical\" href=\"https:\/\/www.mth-partner.de\/en\/immigration-law-scope-of-the-deportation-ban-for-kurdish-nationals\/\" \/>\n<meta property=\"og:locale\" content=\"en_GB\" \/>\n<meta property=\"og:type\" content=\"article\" \/>\n<meta property=\"og:title\" content=\"Ausl\u00e4nderrecht: Reichweite des Abschiebungsverbotes f\u00fcr kurdische Volksangeh\u00f6rige\" \/>\n<meta property=\"og:description\" content=\"Bei der Anordnung der Abschiebung kurdischer Volksangeh\u00f6riger in die T\u00fcrkei ist eine genaue Einzelfallpr\u00fcfung vorzunehmen.\" \/>\n<meta property=\"og:url\" content=\"https:\/\/www.mth-partner.de\/en\/immigration-law-scope-of-the-deportation-ban-for-kurdish-nationals\/\" \/>\n<meta property=\"og:site_name\" content=\"Rechtsanwaltskanzlei\u00a0Tieben\" \/>\n<meta property=\"article:publisher\" content=\"https:\/\/www.facebook.com\/profile.php?id=100054481000178\" \/>\n<meta property=\"article:published_time\" content=\"2018-04-13T10:51:56+00:00\" \/>\n<meta property=\"article:modified_time\" content=\"2026-01-02T07:06:58+00:00\" \/>\n<meta property=\"og:image\" content=\"https:\/\/www.mth-partner.de\/wp-content\/uploads\/Auslanderrecht.jpg\" \/>\n\t<meta property=\"og:image:width\" content=\"1200\" \/>\n\t<meta property=\"og:image:height\" content=\"600\" \/>\n\t<meta property=\"og:image:type\" content=\"image\/jpeg\" \/>\n<meta name=\"author\" content=\"helmer\" \/>\n<meta name=\"twitter:card\" content=\"summary_large_image\" \/>\n<meta name=\"twitter:creator\" content=\"@mth_Tieben\" \/>\n<meta name=\"twitter:site\" content=\"@mth_Tieben\" \/>\n<meta name=\"twitter:label1\" content=\"Written by\" \/>\n\t<meta name=\"twitter:data1\" content=\"helmer\" \/>\n\t<meta name=\"twitter:label2\" content=\"Estimated reading time\" \/>\n\t<meta name=\"twitter:data2\" content=\"7 minutes\" \/>\n<!-- \/ Yoast SEO plugin. -->","yoast_head_json":{"title":"Aliens law: Scope of the ban on deportation for Kurdish nationals","description":"When ordering the deportation of Kurdish nationals to Turkey, a precise case-by-case examination must be carried out.","robots":{"index":"index","follow":"follow","max-snippet":"max-snippet:-1","max-image-preview":"max-image-preview:large","max-video-preview":"max-video-preview:-1"},"canonical":"https:\/\/www.mth-partner.de\/en\/immigration-law-scope-of-the-deportation-ban-for-kurdish-nationals\/","og_locale":"en_GB","og_type":"article","og_title":"Ausl\u00e4nderrecht: Reichweite des Abschiebungsverbotes f\u00fcr kurdische Volksangeh\u00f6rige","og_description":"Bei der Anordnung der Abschiebung kurdischer Volksangeh\u00f6riger in die T\u00fcrkei ist eine genaue Einzelfallpr\u00fcfung vorzunehmen.","og_url":"https:\/\/www.mth-partner.de\/en\/immigration-law-scope-of-the-deportation-ban-for-kurdish-nationals\/","og_site_name":"Rechtsanwaltskanzlei\u00a0Tieben","article_publisher":"https:\/\/www.facebook.com\/profile.php?id=100054481000178","article_published_time":"2018-04-13T10:51:56+00:00","article_modified_time":"2026-01-02T07:06:58+00:00","og_image":[{"width":1200,"height":600,"url":"https:\/\/www.mth-partner.de\/wp-content\/uploads\/Auslanderrecht.jpg","type":"image\/jpeg"}],"author":"helmer","twitter_card":"summary_large_image","twitter_creator":"@mth_Tieben","twitter_site":"@mth_Tieben","twitter_misc":{"Written by":"helmer","Estimated reading time":"7 minutes"},"schema":{"@context":"https:\/\/schema.org","@graph":[{"@type":"Article","@id":"https:\/\/www.mth-partner.de\/auslaenderrecht-reichweite-des-abschiebungsverbotes-fuer-kurdische-volksangehoerige\/#article","isPartOf":{"@id":"https:\/\/www.mth-partner.de\/auslaenderrecht-reichweite-des-abschiebungsverbotes-fuer-kurdische-volksangehoerige\/"},"author":{"name":"helmer","@id":"https:\/\/www.mth-partner.de\/#\/schema\/person\/fbcf627706a8a6151cec2217af8c74b3"},"headline":"Ausl\u00e4nderrecht: Reichweite des Abschiebungsverbotes f\u00fcr kurdische Volksangeh\u00f6rige","datePublished":"2018-04-13T10:51:56+00:00","dateModified":"2026-01-02T07:06:58+00:00","mainEntityOfPage":{"@id":"https:\/\/www.mth-partner.de\/auslaenderrecht-reichweite-des-abschiebungsverbotes-fuer-kurdische-volksangehoerige\/"},"wordCount":1424,"commentCount":0,"publisher":{"@id":"https:\/\/www.mth-partner.de\/#organization"},"image":{"@id":"https:\/\/www.mth-partner.de\/auslaenderrecht-reichweite-des-abschiebungsverbotes-fuer-kurdische-volksangehoerige\/#primaryimage"},"thumbnailUrl":"https:\/\/www.mth-partner.de\/wp-content\/uploads\/Auslanderrecht.jpg","articleSection":["Aufenthaltsbeendigung"],"inLanguage":"en-GB","potentialAction":[{"@type":"CommentAction","name":"Comment","target":["https:\/\/www.mth-partner.de\/auslaenderrecht-reichweite-des-abschiebungsverbotes-fuer-kurdische-volksangehoerige\/#respond"]}]},{"@type":"WebPage","@id":"https:\/\/www.mth-partner.de\/auslaenderrecht-reichweite-des-abschiebungsverbotes-fuer-kurdische-volksangehoerige\/","url":"https:\/\/www.mth-partner.de\/auslaenderrecht-reichweite-des-abschiebungsverbotes-fuer-kurdische-volksangehoerige\/","name":"Aliens law: Scope of the ban on deportation for Kurdish nationals","isPartOf":{"@id":"https:\/\/www.mth-partner.de\/#website"},"primaryImageOfPage":{"@id":"https:\/\/www.mth-partner.de\/auslaenderrecht-reichweite-des-abschiebungsverbotes-fuer-kurdische-volksangehoerige\/#primaryimage"},"image":{"@id":"https:\/\/www.mth-partner.de\/auslaenderrecht-reichweite-des-abschiebungsverbotes-fuer-kurdische-volksangehoerige\/#primaryimage"},"thumbnailUrl":"https:\/\/www.mth-partner.de\/wp-content\/uploads\/Auslanderrecht.jpg","datePublished":"2018-04-13T10:51:56+00:00","dateModified":"2026-01-02T07:06:58+00:00","description":"When ordering the deportation of Kurdish nationals to Turkey, a precise case-by-case examination must be carried out.","breadcrumb":{"@id":"https:\/\/www.mth-partner.de\/auslaenderrecht-reichweite-des-abschiebungsverbotes-fuer-kurdische-volksangehoerige\/#breadcrumb"},"inLanguage":"en-GB","potentialAction":[{"@type":"ReadAction","target":["https:\/\/www.mth-partner.de\/auslaenderrecht-reichweite-des-abschiebungsverbotes-fuer-kurdische-volksangehoerige\/"]}]},{"@type":"ImageObject","inLanguage":"en-GB","@id":"https:\/\/www.mth-partner.de\/auslaenderrecht-reichweite-des-abschiebungsverbotes-fuer-kurdische-volksangehoerige\/#primaryimage","url":"https:\/\/www.mth-partner.de\/wp-content\/uploads\/Auslanderrecht.jpg","contentUrl":"https:\/\/www.mth-partner.de\/wp-content\/uploads\/Auslanderrecht.jpg","width":1200,"height":600,"caption":"Ausl\u00e4nderrecht"},{"@type":"BreadcrumbList","@id":"https:\/\/www.mth-partner.de\/auslaenderrecht-reichweite-des-abschiebungsverbotes-fuer-kurdische-volksangehoerige\/#breadcrumb","itemListElement":[{"@type":"ListItem","position":1,"name":"Home","item":"https:\/\/www.mth-partner.de\/"},{"@type":"ListItem","position":2,"name":"Ausl\u00e4nderrecht","item":"https:\/\/www.mth-partner.de\/category\/auslaenderrecht-anwalt\/"},{"@type":"ListItem","position":3,"name":"Aufenthaltsbeendigung","item":"https:\/\/www.mth-partner.de\/category\/auslaenderrecht-anwalt\/aufenthaltsbeendigung\/"},{"@type":"ListItem","position":4,"name":"Ausl\u00e4nderrecht: Reichweite des Abschiebungsverbotes f\u00fcr kurdische Volksangeh\u00f6rige"}]},{"@type":"WebSite","@id":"https:\/\/www.mth-partner.de\/#website","url":"https:\/\/www.mth-partner.de\/","name":"Law firm Tieben","description":"Lawyer Tieben \/ Law firm Cologne","publisher":{"@id":"https:\/\/www.mth-partner.de\/#organization"},"potentialAction":[{"@type":"SearchAction","target":{"@type":"EntryPoint","urlTemplate":"https:\/\/www.mth-partner.de\/?s={search_term_string}"},"query-input":{"@type":"PropertyValueSpecification","valueRequired":true,"valueName":"search_term_string"}}],"inLanguage":"en-GB"},{"@type":"Organization","@id":"https:\/\/www.mth-partner.de\/#organization","name":"Law firm Tieben","url":"https:\/\/www.mth-partner.de\/","logo":{"@type":"ImageObject","inLanguage":"en-GB","@id":"https:\/\/www.mth-partner.de\/#\/schema\/logo\/image\/","url":"https:\/\/www.mth-partner.de\/wp-content\/uploads\/logo.png","contentUrl":"https:\/\/www.mth-partner.de\/wp-content\/uploads\/logo.png","width":254,"height":52,"caption":"Rechtsanwaltskanzlei\u00a0Tieben"},"image":{"@id":"https:\/\/www.mth-partner.de\/#\/schema\/logo\/image\/"},"sameAs":["https:\/\/www.facebook.com\/profile.php?id=100054481000178","https:\/\/x.com\/mth_Tieben","https:\/\/www.linkedin.com\/in\/helmer-tieben-09570226"]},{"@type":"Person","@id":"https:\/\/www.mth-partner.de\/#\/schema\/person\/fbcf627706a8a6151cec2217af8c74b3","name":"helmer","image":{"@type":"ImageObject","inLanguage":"en-GB","@id":"https:\/\/secure.gravatar.com\/avatar\/f3308295754604f18007cf9e14e5984d1b864d3edea19e3681ff8c9354cd73e8?s=96&d=mm&r=g","url":"https:\/\/secure.gravatar.com\/avatar\/f3308295754604f18007cf9e14e5984d1b864d3edea19e3681ff8c9354cd73e8?s=96&d=mm&r=g","contentUrl":"https:\/\/secure.gravatar.com\/avatar\/f3308295754604f18007cf9e14e5984d1b864d3edea19e3681ff8c9354cd73e8?s=96&d=mm&r=g","caption":"helmer"}}]}},"_links":{"self":[{"href":"https:\/\/www.mth-partner.de\/en\/wp-json\/wp\/v2\/posts\/5283","targetHints":{"allow":["GET"]}}],"collection":[{"href":"https:\/\/www.mth-partner.de\/en\/wp-json\/wp\/v2\/posts"}],"about":[{"href":"https:\/\/www.mth-partner.de\/en\/wp-json\/wp\/v2\/types\/post"}],"author":[{"embeddable":true,"href":"https:\/\/www.mth-partner.de\/en\/wp-json\/wp\/v2\/users\/4"}],"replies":[{"embeddable":true,"href":"https:\/\/www.mth-partner.de\/en\/wp-json\/wp\/v2\/comments?post=5283"}],"version-history":[{"count":4,"href":"https:\/\/www.mth-partner.de\/en\/wp-json\/wp\/v2\/posts\/5283\/revisions"}],"predecessor-version":[{"id":12947,"href":"https:\/\/www.mth-partner.de\/en\/wp-json\/wp\/v2\/posts\/5283\/revisions\/12947"}],"wp:featuredmedia":[{"embeddable":true,"href":"https:\/\/www.mth-partner.de\/en\/wp-json\/wp\/v2\/media\/11619"}],"wp:attachment":[{"href":"https:\/\/www.mth-partner.de\/en\/wp-json\/wp\/v2\/media?parent=5283"}],"wp:term":[{"taxonomy":"category","embeddable":true,"href":"https:\/\/www.mth-partner.de\/en\/wp-json\/wp\/v2\/categories?post=5283"},{"taxonomy":"post_tag","embeddable":true,"href":"https:\/\/www.mth-partner.de\/en\/wp-json\/wp\/v2\/tags?post=5283"}],"curies":[{"name":"wp","href":"https:\/\/api.w.org\/{rel}","templated":true}]}}