{"id":5791,"date":"2021-09-21T09:24:51","date_gmt":"2021-09-21T09:24:51","guid":{"rendered":"https:\/\/www.mth-partner.de\/?p=5791"},"modified":"2025-07-13T15:21:26","modified_gmt":"2025-07-13T15:21:26","slug":"arbeitsrecht-verweigerung-des-tragens-eines-mund-nasen-schutzes-fuehrt-zur-ausserordentlichen-kuendigung","status":"publish","type":"post","link":"https:\/\/www.mth-partner.de\/en\/labour-law-refusal-to-wear-a-face-mask-leads-to-extraordinary-dismissal\/","title":{"rendered":"Labour law: Refusal to wear a face mask leads to extraordinary dismissal"},"content":{"rendered":"<p><strong>Cologne Labour Court, judgment of 17.06.2021, ref. no.: 12 Ca 450\/21<\/strong><\/p>\n<h2><span class=\"ez-toc-section\" id=\"Sachverhalt\"><\/span><strong>Facts<\/strong><span class=\"ez-toc-section-end\"><\/span><\/h2>\n<h3><span class=\"ez-toc-section\" id=\"Arbeitnehmer_und_Arbeitgeber_streiten_sich_um_das_Bestehen_des_Arbeitsverhaltnisses\"><\/span>Employee and employer argue about the existence of the employment relationship.<span class=\"ez-toc-section-end\"><\/span><\/h3>\n<p>The plaintiff has been employed by the defendant for more than 5 years. He looks after customers for the defendant as a service technician in the field. Since April 2020, all field service employees have been required to wear a mask when attending customer appointments. During a customer appointment, the plaintiff did not wear a mask, even after being asked to do so by a customer employee. Instead, the employee said that he would not carry out the order while wearing a mask.<\/p>\n<h3><span class=\"ez-toc-section\" id=\"Arbeitnehmer_macht_%E2%80%9ERotzlappenbefreiung%E2%80%9C_bei_seinem_Arbeitgeber_geltend\"><\/span>Employee claims \"snot rag exemption\" from his employer<span class=\"ez-toc-section-end\"><\/span><\/h3>\n<p>A short time later, the plaintiff sent the defendant an email with the subject \"snot flap exemption\", in which he attached a six-month-old certificate of exemption from the mask requirement due to \"medical reasons\". In a reply, the defendant instructed the plaintiff to wear the face mask anyway, as the information in the certificate seemed too imprecise, and offered an examination by the company doctor, which the plaintiff refused. The plaintiff later sent another letter to the defendant in which he provided information about his state of health.<\/p>\n<h3><span class=\"ez-toc-section\" id=\"Arbeitgeber_kundigt_aufgrund_der_Verweigerung_des_Tragens_der_Maske\"><\/span>Employer cancels due to refusal to wear the mask<span class=\"ez-toc-section-end\"><\/span><\/h3>\n<p>This was followed by a hearing of the works council with the content of the plaintiff's intended dismissal. The defendant then dismissed the plaintiff for cause and, alternatively, with notice.<\/p>\n<p>The plaintiff filed an action for protection against dismissal against this with the Cologne Labour Court. The plaintiff applied for a declaration as to whether the termination of the employment relationship was effective for cause or with due notice and applied for continued employment under the previous employment contract conditions.<\/p>\n<p>The defendant applied for the claim to be dismissed, citing the Corona Protection Ordinance and noting doubts about the authenticity of the certificate. The plaintiff's behaviour was a financial and unjustifiable liability risk for the company if the employment relationship were to continue until the end of the notice period.<\/p>\n<h2><span class=\"ez-toc-section\" id=\"Urteil_des_Arbeitsgerichts_Koln\"><\/span>The employer did not conduct a social selection process.<span class=\"ez-toc-section-end\"><\/span><\/h2>\n<h3><span class=\"ez-toc-section\" id=\"Arbeitsgericht_gibt_dem_beklagten_Unternehmen_Recht\"><\/span>Labour court rules in favour of the defendant company.<span class=\"ez-toc-section-end\"><\/span><\/h3>\n<p>The Cologne Labour Court dismissed the action on the grounds that it was unfounded. The Dismissal Protection Act was applicable to the employment relationship. However, the employment relationship could be terminated without notice for good cause. Good cause exists if the employee breaches a primary obligation, but this must be considered on a case-by-case basis.  Extraordinary dismissal can only be considered if the employer cannot reasonably be expected to take all milder measures in view of the overall circumstances. An extraordinary termination is ineffective if a <a href=\"https:\/\/www.mth-partner.de\/en\/receive-your-72-hour-emergency-plan\/\">ordinary cancellation<\/a> had been suitable. In the opinion of the court, the extraordinary termination by the defendant was effective. The plaintiff's behaviour constituted a breach of the principal obligation.<\/p>\n<h3><span class=\"ez-toc-section\" id=\"Verhalten_des_Arbeitnehmers_stelle_unzumutbare_Risiko_fur_das_Unternehmen_dar\"><\/span>Employee's behaviour poses an unreasonable risk to the company<span class=\"ez-toc-section-end\"><\/span><\/h3>\n<p>The risk of infection by the plaintiff for potential customers was unreasonable for the defendant, also with regard to the possible subsequent liability claims against the defendant. Even taking into account the submitted six-month-old certificate, which did not even contain a clear justification, the risk of continuing to employ the plaintiff was unreasonable in the opinion of the court. According to a <a href=\"https:\/\/www.mth-partner.de\/en\/receive-a-warning-letter-your-rights-as-an-employee-in-cologne\/\">Warning letter<\/a> the plaintiff again did not wear a face mask during his work.<\/p>\n<p>The court's overall assessment also took into account the duration of employment and the circumstances of the plaintiff's life, but the consideration was serious due to the risk of the current epidemic situation and the protection against possible infection by the plaintiff was more serious. Consequently, the claim for continued employment was unfounded due to the effective termination of the employment relationship. Do you need <a href=\"https:\/\/www.mth-partner.de\/en\/services\/employment-and-labour-law\/\" target=\"_blank\" rel=\"noopener\">Labour law advice<\/a>? Get in touch with us!<\/p>\n<p>Source: Employment Court Cologne<\/p>\n<p><strong>Important Note: The content of this article has been prepared to the best of our knowledge and belief. However, due to the complexity and constant evolution of the subject matter, we must exclude liability and warranty.<\/strong> Important Note: The content of this article has been prepared to the best of our knowledge and understanding. However, due to the complexity and ever-changing nature of legal matters, liability and warranty are excluded.<\/p>\n<p>If you need legal advice, feel free to contact us at 0221-80187670 or via email at If you require legal advice, feel free to call us at 0221 \u2013 80187670 or send us an email at If you need employment law advice, feel free to call us at 0221 \u2013 80187670 or send an email to info@mth-partner.de...<\/p>\n<p><a href=\"https:\/\/www.mth-partner.de\/en\/services\/employment-and-labour-law\/\">Lawyers in Cologne advise and represent you in labour law<\/a><\/p>","protected":false},"excerpt":{"rendered":"<p>The Cologne Labour Court has ruled that an employee who refuses to wear a face mask in the field may be dismissed.<\/p>","protected":false},"author":4,"featured_media":11618,"comment_status":"open","ping_status":"open","sticky":false,"template":"","format":"standard","meta":{"footnotes":""},"categories":[35],"tags":[2989],"class_list":["post-5791","post","type-post","status-publish","format-standard","has-post-thumbnail","hentry","category-arbeitsrecht-rechtsanwalt","tag-aufhebungsvertrag-oder-besser-kuendigung"],"yoast_head":"<!-- This site is optimized with the Yoast SEO plugin v27.5 - https:\/\/yoast.com\/product\/yoast-seo-wordpress\/ -->\n<title>Arbeitsrecht: Verweigerung des Tragens eines Mund-Nasen-Schutzes f\u00fchrt zur au\u00dferordentlichen K\u00fcndigung - Rechtsanwaltskanzlei\u00a0Tieben<\/title>\n<meta name=\"description\" content=\"In bestimmten F\u00e4llen kann die Weigerung, einen Munschutz wegen Corona zu tragen, zur arbeitsrechtlichen K\u00fcndigung f\u00fchren.\" \/>\n<meta name=\"robots\" content=\"index, follow, max-snippet:-1, max-image-preview:large, max-video-preview:-1\" \/>\n<link rel=\"canonical\" href=\"https:\/\/www.mth-partner.de\/en\/labour-law-refusal-to-wear-a-face-mask-leads-to-extraordinary-dismissal\/\" \/>\n<meta property=\"og:locale\" content=\"en_GB\" \/>\n<meta property=\"og:type\" content=\"article\" \/>\n<meta property=\"og:title\" content=\"Arbeitsrecht: Verweigerung des Tragens eines Mund-Nasen-Schutzes f\u00fchrt zur au\u00dferordentlichen K\u00fcndigung - Rechtsanwaltskanzlei\u00a0Tieben\" \/>\n<meta property=\"og:description\" content=\"In bestimmten F\u00e4llen kann die Weigerung, einen Munschutz wegen Corona zu tragen, zur arbeitsrechtlichen K\u00fcndigung f\u00fchren.\" \/>\n<meta property=\"og:url\" content=\"https:\/\/www.mth-partner.de\/en\/labour-law-refusal-to-wear-a-face-mask-leads-to-extraordinary-dismissal\/\" \/>\n<meta property=\"og:site_name\" content=\"Rechtsanwaltskanzlei\u00a0Tieben\" \/>\n<meta property=\"article:publisher\" content=\"https:\/\/www.facebook.com\/profile.php?id=100054481000178\" \/>\n<meta property=\"article:published_time\" content=\"2021-09-21T09:24:51+00:00\" \/>\n<meta property=\"article:modified_time\" content=\"2025-07-13T15:21:26+00:00\" \/>\n<meta property=\"og:image\" content=\"https:\/\/www.mth-partner.de\/wp-content\/uploads\/Arbeitsrecht.jpg\" \/>\n\t<meta property=\"og:image:width\" content=\"1200\" \/>\n\t<meta property=\"og:image:height\" content=\"600\" \/>\n\t<meta property=\"og:image:type\" content=\"image\/jpeg\" \/>\n<meta name=\"author\" content=\"helmer\" \/>\n<meta name=\"twitter:card\" content=\"summary_large_image\" \/>\n<meta name=\"twitter:creator\" content=\"@mth_Tieben\" \/>\n<meta name=\"twitter:site\" content=\"@mth_Tieben\" \/>\n<meta name=\"twitter:label1\" content=\"Written by\" \/>\n\t<meta name=\"twitter:data1\" content=\"helmer\" \/>\n\t<meta name=\"twitter:label2\" content=\"Estimated reading time\" \/>\n\t<meta name=\"twitter:data2\" content=\"3 minutes\" \/>\n<!-- \/ Yoast SEO plugin. -->","yoast_head_json":{"title":"Labour law: Refusal to wear a face mask leads to extraordinary dismissal - Rechtsanwaltskanzlei Tieben","description":"In certain cases, refusal to wear a face mask due to coronavirus can lead to dismissal under labour law.","robots":{"index":"index","follow":"follow","max-snippet":"max-snippet:-1","max-image-preview":"max-image-preview:large","max-video-preview":"max-video-preview:-1"},"canonical":"https:\/\/www.mth-partner.de\/en\/labour-law-refusal-to-wear-a-face-mask-leads-to-extraordinary-dismissal\/","og_locale":"en_GB","og_type":"article","og_title":"Arbeitsrecht: Verweigerung des Tragens eines Mund-Nasen-Schutzes f\u00fchrt zur au\u00dferordentlichen K\u00fcndigung - Rechtsanwaltskanzlei\u00a0Tieben","og_description":"In bestimmten F\u00e4llen kann die Weigerung, einen Munschutz wegen Corona zu tragen, zur arbeitsrechtlichen K\u00fcndigung f\u00fchren.","og_url":"https:\/\/www.mth-partner.de\/en\/labour-law-refusal-to-wear-a-face-mask-leads-to-extraordinary-dismissal\/","og_site_name":"Rechtsanwaltskanzlei\u00a0Tieben","article_publisher":"https:\/\/www.facebook.com\/profile.php?id=100054481000178","article_published_time":"2021-09-21T09:24:51+00:00","article_modified_time":"2025-07-13T15:21:26+00:00","og_image":[{"width":1200,"height":600,"url":"https:\/\/www.mth-partner.de\/wp-content\/uploads\/Arbeitsrecht.jpg","type":"image\/jpeg"}],"author":"helmer","twitter_card":"summary_large_image","twitter_creator":"@mth_Tieben","twitter_site":"@mth_Tieben","twitter_misc":{"Written by":"helmer","Estimated reading time":"3 minutes"},"schema":{"@context":"https:\/\/schema.org","@graph":[{"@type":"Article","@id":"https:\/\/www.mth-partner.de\/arbeitsrecht-verweigerung-des-tragens-eines-mund-nasen-schutzes-fuehrt-zur-ausserordentlichen-kuendigung\/#article","isPartOf":{"@id":"https:\/\/www.mth-partner.de\/arbeitsrecht-verweigerung-des-tragens-eines-mund-nasen-schutzes-fuehrt-zur-ausserordentlichen-kuendigung\/"},"author":{"name":"helmer","@id":"https:\/\/www.mth-partner.de\/#\/schema\/person\/fbcf627706a8a6151cec2217af8c74b3"},"headline":"Arbeitsrecht: Verweigerung des Tragens eines Mund-Nasen-Schutzes f\u00fchrt zur au\u00dferordentlichen K\u00fcndigung","datePublished":"2021-09-21T09:24:51+00:00","dateModified":"2025-07-13T15:21:26+00:00","mainEntityOfPage":{"@id":"https:\/\/www.mth-partner.de\/arbeitsrecht-verweigerung-des-tragens-eines-mund-nasen-schutzes-fuehrt-zur-ausserordentlichen-kuendigung\/"},"wordCount":710,"commentCount":0,"publisher":{"@id":"https:\/\/www.mth-partner.de\/#organization"},"image":{"@id":"https:\/\/www.mth-partner.de\/arbeitsrecht-verweigerung-des-tragens-eines-mund-nasen-schutzes-fuehrt-zur-ausserordentlichen-kuendigung\/#primaryimage"},"thumbnailUrl":"https:\/\/www.mth-partner.de\/wp-content\/uploads\/Arbeitsrecht.jpg","keywords":["Aufhebungsvertrag oder besser K\u00fcndigung?"],"articleSection":["Arbeitsrecht"],"inLanguage":"en-GB","potentialAction":[{"@type":"CommentAction","name":"Comment","target":["https:\/\/www.mth-partner.de\/arbeitsrecht-verweigerung-des-tragens-eines-mund-nasen-schutzes-fuehrt-zur-ausserordentlichen-kuendigung\/#respond"]}]},{"@type":"WebPage","@id":"https:\/\/www.mth-partner.de\/arbeitsrecht-verweigerung-des-tragens-eines-mund-nasen-schutzes-fuehrt-zur-ausserordentlichen-kuendigung\/","url":"https:\/\/www.mth-partner.de\/arbeitsrecht-verweigerung-des-tragens-eines-mund-nasen-schutzes-fuehrt-zur-ausserordentlichen-kuendigung\/","name":"Labour law: Refusal to wear a face mask leads to extraordinary dismissal - Rechtsanwaltskanzlei Tieben","isPartOf":{"@id":"https:\/\/www.mth-partner.de\/#website"},"primaryImageOfPage":{"@id":"https:\/\/www.mth-partner.de\/arbeitsrecht-verweigerung-des-tragens-eines-mund-nasen-schutzes-fuehrt-zur-ausserordentlichen-kuendigung\/#primaryimage"},"image":{"@id":"https:\/\/www.mth-partner.de\/arbeitsrecht-verweigerung-des-tragens-eines-mund-nasen-schutzes-fuehrt-zur-ausserordentlichen-kuendigung\/#primaryimage"},"thumbnailUrl":"https:\/\/www.mth-partner.de\/wp-content\/uploads\/Arbeitsrecht.jpg","datePublished":"2021-09-21T09:24:51+00:00","dateModified":"2025-07-13T15:21:26+00:00","description":"In certain cases, refusal to wear a face mask due to coronavirus can lead to dismissal under labour law.","breadcrumb":{"@id":"https:\/\/www.mth-partner.de\/arbeitsrecht-verweigerung-des-tragens-eines-mund-nasen-schutzes-fuehrt-zur-ausserordentlichen-kuendigung\/#breadcrumb"},"inLanguage":"en-GB","potentialAction":[{"@type":"ReadAction","target":["https:\/\/www.mth-partner.de\/arbeitsrecht-verweigerung-des-tragens-eines-mund-nasen-schutzes-fuehrt-zur-ausserordentlichen-kuendigung\/"]}]},{"@type":"ImageObject","inLanguage":"en-GB","@id":"https:\/\/www.mth-partner.de\/arbeitsrecht-verweigerung-des-tragens-eines-mund-nasen-schutzes-fuehrt-zur-ausserordentlichen-kuendigung\/#primaryimage","url":"https:\/\/www.mth-partner.de\/wp-content\/uploads\/Arbeitsrecht.jpg","contentUrl":"https:\/\/www.mth-partner.de\/wp-content\/uploads\/Arbeitsrecht.jpg","width":1200,"height":600,"caption":"Arbeitsrecht"},{"@type":"BreadcrumbList","@id":"https:\/\/www.mth-partner.de\/arbeitsrecht-verweigerung-des-tragens-eines-mund-nasen-schutzes-fuehrt-zur-ausserordentlichen-kuendigung\/#breadcrumb","itemListElement":[{"@type":"ListItem","position":1,"name":"Home","item":"https:\/\/www.mth-partner.de\/"},{"@type":"ListItem","position":2,"name":"Arbeitsrecht","item":"https:\/\/www.mth-partner.de\/category\/arbeitsrecht-rechtsanwalt\/"},{"@type":"ListItem","position":3,"name":"Arbeitsrecht: Verweigerung des Tragens eines Mund-Nasen-Schutzes f\u00fchrt zur au\u00dferordentlichen K\u00fcndigung"}]},{"@type":"WebSite","@id":"https:\/\/www.mth-partner.de\/#website","url":"https:\/\/www.mth-partner.de\/","name":"Law firm Tieben","description":"Lawyer Tieben \/ Law firm Cologne","publisher":{"@id":"https:\/\/www.mth-partner.de\/#organization"},"potentialAction":[{"@type":"SearchAction","target":{"@type":"EntryPoint","urlTemplate":"https:\/\/www.mth-partner.de\/?s={search_term_string}"},"query-input":{"@type":"PropertyValueSpecification","valueRequired":true,"valueName":"search_term_string"}}],"inLanguage":"en-GB"},{"@type":"Organization","@id":"https:\/\/www.mth-partner.de\/#organization","name":"Law firm Tieben","url":"https:\/\/www.mth-partner.de\/","logo":{"@type":"ImageObject","inLanguage":"en-GB","@id":"https:\/\/www.mth-partner.de\/#\/schema\/logo\/image\/","url":"https:\/\/www.mth-partner.de\/wp-content\/uploads\/logo.png","contentUrl":"https:\/\/www.mth-partner.de\/wp-content\/uploads\/logo.png","width":254,"height":52,"caption":"Rechtsanwaltskanzlei\u00a0Tieben"},"image":{"@id":"https:\/\/www.mth-partner.de\/#\/schema\/logo\/image\/"},"sameAs":["https:\/\/www.facebook.com\/profile.php?id=100054481000178","https:\/\/x.com\/mth_Tieben","https:\/\/www.linkedin.com\/in\/helmer-tieben-09570226"]},{"@type":"Person","@id":"https:\/\/www.mth-partner.de\/#\/schema\/person\/fbcf627706a8a6151cec2217af8c74b3","name":"helmer","image":{"@type":"ImageObject","inLanguage":"en-GB","@id":"https:\/\/secure.gravatar.com\/avatar\/f3308295754604f18007cf9e14e5984d1b864d3edea19e3681ff8c9354cd73e8?s=96&d=mm&r=g","url":"https:\/\/secure.gravatar.com\/avatar\/f3308295754604f18007cf9e14e5984d1b864d3edea19e3681ff8c9354cd73e8?s=96&d=mm&r=g","contentUrl":"https:\/\/secure.gravatar.com\/avatar\/f3308295754604f18007cf9e14e5984d1b864d3edea19e3681ff8c9354cd73e8?s=96&d=mm&r=g","caption":"helmer"}}]}},"_links":{"self":[{"href":"https:\/\/www.mth-partner.de\/en\/wp-json\/wp\/v2\/posts\/5791","targetHints":{"allow":["GET"]}}],"collection":[{"href":"https:\/\/www.mth-partner.de\/en\/wp-json\/wp\/v2\/posts"}],"about":[{"href":"https:\/\/www.mth-partner.de\/en\/wp-json\/wp\/v2\/types\/post"}],"author":[{"embeddable":true,"href":"https:\/\/www.mth-partner.de\/en\/wp-json\/wp\/v2\/users\/4"}],"replies":[{"embeddable":true,"href":"https:\/\/www.mth-partner.de\/en\/wp-json\/wp\/v2\/comments?post=5791"}],"version-history":[{"count":3,"href":"https:\/\/www.mth-partner.de\/en\/wp-json\/wp\/v2\/posts\/5791\/revisions"}],"predecessor-version":[{"id":11887,"href":"https:\/\/www.mth-partner.de\/en\/wp-json\/wp\/v2\/posts\/5791\/revisions\/11887"}],"wp:featuredmedia":[{"embeddable":true,"href":"https:\/\/www.mth-partner.de\/en\/wp-json\/wp\/v2\/media\/11618"}],"wp:attachment":[{"href":"https:\/\/www.mth-partner.de\/en\/wp-json\/wp\/v2\/media?parent=5791"}],"wp:term":[{"taxonomy":"category","embeddable":true,"href":"https:\/\/www.mth-partner.de\/en\/wp-json\/wp\/v2\/categories?post=5791"},{"taxonomy":"post_tag","embeddable":true,"href":"https:\/\/www.mth-partner.de\/en\/wp-json\/wp\/v2\/tags?post=5791"}],"curies":[{"name":"wp","href":"https:\/\/api.w.org\/{rel}","templated":true}]}}