{"id":6858,"date":"2023-08-22T17:11:17","date_gmt":"2023-08-22T17:11:17","guid":{"rendered":"https:\/\/www.mth-partner.de\/?p=6858"},"modified":"2025-06-12T08:22:52","modified_gmt":"2025-06-12T08:22:52","slug":"eigenbedarfskuendigung-ist-unwirksam-wenn-der-kuendigungsgrund-nicht-ausreichend-konkretisiert-ist","status":"publish","type":"post","link":"https:\/\/www.mth-partner.de\/en\/termination-for-personal-use-is-invalid-if-the-reason-for-termination-is-not-sufficiently-specified\/","title":{"rendered":"Cancellation for personal use is invalid if the reason for cancellation is not sufficiently specified"},"content":{"rendered":"<p>In a notice of termination for personal use pursuant to Section 573 BGB, the landlord must state the reasons for his justified interest within the meaning of Paragraph 3 in such a way that they can be clearly identified and distinguished from other reasons. Otherwise, it does not fulfil the formal requirements of Section 573 (1) sentence 1 BGB and is invalid.<\/p>\n<p><img fetchpriority=\"high\" decoding=\"async\" class=\"wp-image-8778 aligncenter\" src=\"https:\/\/www.mth-partner.de\/wp-content\/uploads\/Eigenbedarf_Voraussetzungen.png\" alt=\"\" width=\"1031\" height=\"615\" srcset=\"https:\/\/www.mth-partner.de\/wp-content\/uploads\/Eigenbedarf_Voraussetzungen.png 1979w, https:\/\/www.mth-partner.de\/wp-content\/uploads\/Eigenbedarf_Voraussetzungen-600x358.png 600w, https:\/\/www.mth-partner.de\/wp-content\/uploads\/Eigenbedarf_Voraussetzungen-250x149.png 250w, https:\/\/www.mth-partner.de\/wp-content\/uploads\/Eigenbedarf_Voraussetzungen-700x417.png 700w, https:\/\/www.mth-partner.de\/wp-content\/uploads\/Eigenbedarf_Voraussetzungen-768x458.png 768w, https:\/\/www.mth-partner.de\/wp-content\/uploads\/Eigenbedarf_Voraussetzungen-1536x916.png 1536w, https:\/\/www.mth-partner.de\/wp-content\/uploads\/Eigenbedarf_Voraussetzungen-120x72.png 120w\" sizes=\"(max-width: 1031px) 100vw, 1031px\" \/><\/p>\n<h2><span class=\"ez-toc-section\" id=\"Sachverhalt\"><\/span>Facts of the Case<span class=\"ez-toc-section-end\"><\/span><\/h2>\n<p>In the case at hand, the landlord had based the termination for personal use on the fact that two of his children would have to use the flat in the future. He did not provide the names or any other information to identify these children. The regional court ruled that the cancellation was invalid because it violated Section 573 (1) sentence 1 BGB.<\/p>\n<h2><span class=\"ez-toc-section\" id=\"Beschluss_des_Landgerichts_Berlin\"><\/span>Decision of the Berlin Regional Court<span class=\"ez-toc-section-end\"><\/span><\/h2>\n<h3><span class=\"ez-toc-section\" id=\"Vermieter_machte_Eigenbedarf_fur_seine_Kinder_geltend_nannte_aber_deren_Namen_nicht\"><\/span>Landlord claimed personal use for his children, but did not give their names<span class=\"ez-toc-section-end\"><\/span><\/h3>\n<p>The landlord, who has four children, had only stated in the termination letter that two of his children, who are studying abroad and were both born in 1994, needed the flat. The notice of termination did not contain any further details as to which of his children were involved. In the opinion of the court, this does not fulfil the requirements of Section 573 (3) sentence 1 BGB.<\/p>\n<p>The court is of the opinion that the landlord's legitimate interest in the termination must be stated in the notice of termination in such a differentiated manner that the <a href=\"https:\/\/www.mth-partner.de\/en\/receive-your-72-hour-emergency-plan\/\">Reason for cancellation<\/a> can be clearly identified. The reason for this is that Section 573 (1) sentence 1 BGB is intended to ensure that the tenant is able to take all necessary steps to protect their interests as early as possible. This includes, in particular, enabling a defence against the termination.<\/p>\n<h3><span class=\"ez-toc-section\" id=\"Landgericht_Berlin_entschied_dass_die_Personen_fur_die_Eigenbedarf_angemeldet_wird_namentlich_benannt_werden_mussen\"><\/span>Berlin Regional Court ruled that the persons for whom personal use is registered must be named<span class=\"ez-toc-section-end\"><\/span><\/h3>\n<p>However, this is only possible if the tenant knows the reason for the cancellation and this is specified so precisely that the landlord cannot change it later if necessary. Therefore, the person for whom the personal use is registered and the interest in using the flat must be stated in the notice of termination.<\/p>\n<p>Source: Berlin Regional Court<\/p>\n<p><strong>Important Note: The content of this article has been prepared to the best of our knowledge and belief. However, due to the complexity and constant changes in the subject matter, liability and guarantees are excluded.<\/strong>Important Note: The content of this article has been prepared to the best of our knowledge. However, due to the complexity and constant changes in the legal field, we exclude liability and warranties.<\/p>\n<p>If you need legal advice, please feel free to call us at\u00a0<strong>0221- 80187670<\/strong>\u00a0or email us at<strong>\u00a0info@mth-partner.de<\/strong><\/p>\n<p><a href=\"https:\/\/www.mth-partner.de\/en\/de\/koeln\/mietrecht-rechtsanwalt\/\">Lawyers in Cologne provide advice and representation in tenancy law.<\/a><\/p>","protected":false},"excerpt":{"rendered":"<p>When giving notice of cancellation for personal use, you must make sure that you describe the reason for cancellation as precisely as possible, otherwise it can be expensive<\/p>","protected":false},"author":4,"featured_media":11620,"comment_status":"open","ping_status":"open","sticky":false,"template":"","format":"standard","meta":{"footnotes":""},"categories":[43],"tags":[2528,3296],"class_list":["post-6858","post","type-post","status-publish","format-standard","has-post-thumbnail","hentry","category-mietrecht-rechtsanwalt","tag-rechtsanwalt-koeln-eigenbedarfskuendigung","tag-schadensersatz-bei-vorgetaeuschter-eigenbedarfskuendigung"],"yoast_head":"<!-- This site is optimized with the Yoast SEO plugin v27.5 - https:\/\/yoast.com\/product\/yoast-seo-wordpress\/ -->\n<title>Eigenbedarfsk\u00fcndigung ist unwirksam, wenn der K\u00fcndigungsgrund nicht ausreichend konkretisiert ist - Rechtsanwaltskanzlei\u00a0Tieben<\/title>\n<meta name=\"description\" content=\"Die Begr\u00fcndung f\u00fcr den Eigenbedarf muss genau erfolgen. Somit m\u00fcssen die Personen, die Eigenbedarf geltend machen, mit Namen genannt werden\" \/>\n<meta name=\"robots\" content=\"index, follow, max-snippet:-1, max-image-preview:large, max-video-preview:-1\" \/>\n<link rel=\"canonical\" href=\"https:\/\/www.mth-partner.de\/en\/termination-for-personal-use-is-invalid-if-the-reason-for-termination-is-not-sufficiently-specified\/\" \/>\n<meta property=\"og:locale\" content=\"en_GB\" \/>\n<meta property=\"og:type\" content=\"article\" \/>\n<meta property=\"og:title\" content=\"Eigenbedarfsk\u00fcndigung ist unwirksam, wenn der K\u00fcndigungsgrund nicht ausreichend konkretisiert ist - Rechtsanwaltskanzlei\u00a0Tieben\" \/>\n<meta property=\"og:description\" content=\"Die Begr\u00fcndung f\u00fcr den Eigenbedarf muss genau erfolgen. Somit m\u00fcssen die Personen, die Eigenbedarf geltend machen, mit Namen genannt werden\" \/>\n<meta property=\"og:url\" content=\"https:\/\/www.mth-partner.de\/en\/termination-for-personal-use-is-invalid-if-the-reason-for-termination-is-not-sufficiently-specified\/\" \/>\n<meta property=\"og:site_name\" content=\"Rechtsanwaltskanzlei\u00a0Tieben\" \/>\n<meta property=\"article:publisher\" content=\"https:\/\/www.facebook.com\/profile.php?id=100054481000178\" \/>\n<meta property=\"article:published_time\" content=\"2023-08-22T17:11:17+00:00\" \/>\n<meta property=\"article:modified_time\" content=\"2025-06-12T08:22:52+00:00\" \/>\n<meta property=\"og:image\" content=\"https:\/\/www.mth-partner.de\/wp-content\/uploads\/Zivilrecht.jpg\" \/>\n\t<meta property=\"og:image:width\" content=\"1200\" \/>\n\t<meta property=\"og:image:height\" content=\"600\" \/>\n\t<meta property=\"og:image:type\" content=\"image\/jpeg\" \/>\n<meta name=\"author\" content=\"helmer\" \/>\n<meta name=\"twitter:card\" content=\"summary_large_image\" \/>\n<meta name=\"twitter:creator\" content=\"@mth_Tieben\" \/>\n<meta name=\"twitter:site\" content=\"@mth_Tieben\" \/>\n<meta name=\"twitter:label1\" content=\"Written by\" \/>\n\t<meta name=\"twitter:data1\" content=\"helmer\" \/>\n\t<meta name=\"twitter:label2\" content=\"Estimated reading time\" \/>\n\t<meta name=\"twitter:data2\" content=\"3 minutes\" \/>\n<!-- \/ Yoast SEO plugin. -->","yoast_head_json":{"title":"Termination for personal use is invalid if the reason for termination is not sufficiently specified - Rechtsanwaltskanzlei Tieben","description":"The justification for personal use must be precise. This means that the persons claiming personal use must be named","robots":{"index":"index","follow":"follow","max-snippet":"max-snippet:-1","max-image-preview":"max-image-preview:large","max-video-preview":"max-video-preview:-1"},"canonical":"https:\/\/www.mth-partner.de\/en\/termination-for-personal-use-is-invalid-if-the-reason-for-termination-is-not-sufficiently-specified\/","og_locale":"en_GB","og_type":"article","og_title":"Eigenbedarfsk\u00fcndigung ist unwirksam, wenn der K\u00fcndigungsgrund nicht ausreichend konkretisiert ist - Rechtsanwaltskanzlei\u00a0Tieben","og_description":"Die Begr\u00fcndung f\u00fcr den Eigenbedarf muss genau erfolgen. Somit m\u00fcssen die Personen, die Eigenbedarf geltend machen, mit Namen genannt werden","og_url":"https:\/\/www.mth-partner.de\/en\/termination-for-personal-use-is-invalid-if-the-reason-for-termination-is-not-sufficiently-specified\/","og_site_name":"Rechtsanwaltskanzlei\u00a0Tieben","article_publisher":"https:\/\/www.facebook.com\/profile.php?id=100054481000178","article_published_time":"2023-08-22T17:11:17+00:00","article_modified_time":"2025-06-12T08:22:52+00:00","og_image":[{"width":1200,"height":600,"url":"https:\/\/www.mth-partner.de\/wp-content\/uploads\/Zivilrecht.jpg","type":"image\/jpeg"}],"author":"helmer","twitter_card":"summary_large_image","twitter_creator":"@mth_Tieben","twitter_site":"@mth_Tieben","twitter_misc":{"Written by":"helmer","Estimated reading time":"3 minutes"},"schema":{"@context":"https:\/\/schema.org","@graph":[{"@type":"Article","@id":"https:\/\/www.mth-partner.de\/eigenbedarfskuendigung-ist-unwirksam-wenn-der-kuendigungsgrund-nicht-ausreichend-konkretisiert-ist\/#article","isPartOf":{"@id":"https:\/\/www.mth-partner.de\/eigenbedarfskuendigung-ist-unwirksam-wenn-der-kuendigungsgrund-nicht-ausreichend-konkretisiert-ist\/"},"author":{"name":"helmer","@id":"https:\/\/www.mth-partner.de\/#\/schema\/person\/fbcf627706a8a6151cec2217af8c74b3"},"headline":"Eigenbedarfsk\u00fcndigung ist unwirksam, wenn der K\u00fcndigungsgrund nicht ausreichend konkretisiert ist","datePublished":"2023-08-22T17:11:17+00:00","dateModified":"2025-06-12T08:22:52+00:00","mainEntityOfPage":{"@id":"https:\/\/www.mth-partner.de\/eigenbedarfskuendigung-ist-unwirksam-wenn-der-kuendigungsgrund-nicht-ausreichend-konkretisiert-ist\/"},"wordCount":418,"commentCount":0,"publisher":{"@id":"https:\/\/www.mth-partner.de\/#organization"},"image":{"@id":"https:\/\/www.mth-partner.de\/eigenbedarfskuendigung-ist-unwirksam-wenn-der-kuendigungsgrund-nicht-ausreichend-konkretisiert-ist\/#primaryimage"},"thumbnailUrl":"https:\/\/www.mth-partner.de\/wp-content\/uploads\/Zivilrecht.jpg","keywords":["Rechtsanwalt K\u00f6ln Eigenbedarfsk\u00fcndigung","Schadensersatz bei vorget\u00e4uschter Eigenbedarfsk\u00fcndigung"],"articleSection":["Zivilrecht"],"inLanguage":"en-GB","potentialAction":[{"@type":"CommentAction","name":"Comment","target":["https:\/\/www.mth-partner.de\/eigenbedarfskuendigung-ist-unwirksam-wenn-der-kuendigungsgrund-nicht-ausreichend-konkretisiert-ist\/#respond"]}]},{"@type":"WebPage","@id":"https:\/\/www.mth-partner.de\/eigenbedarfskuendigung-ist-unwirksam-wenn-der-kuendigungsgrund-nicht-ausreichend-konkretisiert-ist\/","url":"https:\/\/www.mth-partner.de\/eigenbedarfskuendigung-ist-unwirksam-wenn-der-kuendigungsgrund-nicht-ausreichend-konkretisiert-ist\/","name":"Termination for personal use is invalid if the reason for termination is not sufficiently specified - Rechtsanwaltskanzlei Tieben","isPartOf":{"@id":"https:\/\/www.mth-partner.de\/#website"},"primaryImageOfPage":{"@id":"https:\/\/www.mth-partner.de\/eigenbedarfskuendigung-ist-unwirksam-wenn-der-kuendigungsgrund-nicht-ausreichend-konkretisiert-ist\/#primaryimage"},"image":{"@id":"https:\/\/www.mth-partner.de\/eigenbedarfskuendigung-ist-unwirksam-wenn-der-kuendigungsgrund-nicht-ausreichend-konkretisiert-ist\/#primaryimage"},"thumbnailUrl":"https:\/\/www.mth-partner.de\/wp-content\/uploads\/Zivilrecht.jpg","datePublished":"2023-08-22T17:11:17+00:00","dateModified":"2025-06-12T08:22:52+00:00","description":"The justification for personal use must be precise. This means that the persons claiming personal use must be named","breadcrumb":{"@id":"https:\/\/www.mth-partner.de\/eigenbedarfskuendigung-ist-unwirksam-wenn-der-kuendigungsgrund-nicht-ausreichend-konkretisiert-ist\/#breadcrumb"},"inLanguage":"en-GB","potentialAction":[{"@type":"ReadAction","target":["https:\/\/www.mth-partner.de\/eigenbedarfskuendigung-ist-unwirksam-wenn-der-kuendigungsgrund-nicht-ausreichend-konkretisiert-ist\/"]}]},{"@type":"ImageObject","inLanguage":"en-GB","@id":"https:\/\/www.mth-partner.de\/eigenbedarfskuendigung-ist-unwirksam-wenn-der-kuendigungsgrund-nicht-ausreichend-konkretisiert-ist\/#primaryimage","url":"https:\/\/www.mth-partner.de\/wp-content\/uploads\/Zivilrecht.jpg","contentUrl":"https:\/\/www.mth-partner.de\/wp-content\/uploads\/Zivilrecht.jpg","width":1200,"height":600,"caption":"Zivilrecht"},{"@type":"BreadcrumbList","@id":"https:\/\/www.mth-partner.de\/eigenbedarfskuendigung-ist-unwirksam-wenn-der-kuendigungsgrund-nicht-ausreichend-konkretisiert-ist\/#breadcrumb","itemListElement":[{"@type":"ListItem","position":1,"name":"Home","item":"https:\/\/www.mth-partner.de\/"},{"@type":"ListItem","position":2,"name":"Zivilrecht","item":"https:\/\/www.mth-partner.de\/category\/mietrecht-rechtsanwalt\/"},{"@type":"ListItem","position":3,"name":"Eigenbedarfsk\u00fcndigung ist unwirksam, wenn der K\u00fcndigungsgrund nicht ausreichend konkretisiert ist"}]},{"@type":"WebSite","@id":"https:\/\/www.mth-partner.de\/#website","url":"https:\/\/www.mth-partner.de\/","name":"Law firm Tieben","description":"Lawyer Tieben \/ Law firm Cologne","publisher":{"@id":"https:\/\/www.mth-partner.de\/#organization"},"potentialAction":[{"@type":"SearchAction","target":{"@type":"EntryPoint","urlTemplate":"https:\/\/www.mth-partner.de\/?s={search_term_string}"},"query-input":{"@type":"PropertyValueSpecification","valueRequired":true,"valueName":"search_term_string"}}],"inLanguage":"en-GB"},{"@type":"Organization","@id":"https:\/\/www.mth-partner.de\/#organization","name":"Law firm Tieben","url":"https:\/\/www.mth-partner.de\/","logo":{"@type":"ImageObject","inLanguage":"en-GB","@id":"https:\/\/www.mth-partner.de\/#\/schema\/logo\/image\/","url":"https:\/\/www.mth-partner.de\/wp-content\/uploads\/logo.png","contentUrl":"https:\/\/www.mth-partner.de\/wp-content\/uploads\/logo.png","width":254,"height":52,"caption":"Rechtsanwaltskanzlei\u00a0Tieben"},"image":{"@id":"https:\/\/www.mth-partner.de\/#\/schema\/logo\/image\/"},"sameAs":["https:\/\/www.facebook.com\/profile.php?id=100054481000178","https:\/\/x.com\/mth_Tieben","https:\/\/www.linkedin.com\/in\/helmer-tieben-09570226"]},{"@type":"Person","@id":"https:\/\/www.mth-partner.de\/#\/schema\/person\/fbcf627706a8a6151cec2217af8c74b3","name":"helmer","image":{"@type":"ImageObject","inLanguage":"en-GB","@id":"https:\/\/secure.gravatar.com\/avatar\/f3308295754604f18007cf9e14e5984d1b864d3edea19e3681ff8c9354cd73e8?s=96&d=mm&r=g","url":"https:\/\/secure.gravatar.com\/avatar\/f3308295754604f18007cf9e14e5984d1b864d3edea19e3681ff8c9354cd73e8?s=96&d=mm&r=g","contentUrl":"https:\/\/secure.gravatar.com\/avatar\/f3308295754604f18007cf9e14e5984d1b864d3edea19e3681ff8c9354cd73e8?s=96&d=mm&r=g","caption":"helmer"}}]}},"_links":{"self":[{"href":"https:\/\/www.mth-partner.de\/en\/wp-json\/wp\/v2\/posts\/6858","targetHints":{"allow":["GET"]}}],"collection":[{"href":"https:\/\/www.mth-partner.de\/en\/wp-json\/wp\/v2\/posts"}],"about":[{"href":"https:\/\/www.mth-partner.de\/en\/wp-json\/wp\/v2\/types\/post"}],"author":[{"embeddable":true,"href":"https:\/\/www.mth-partner.de\/en\/wp-json\/wp\/v2\/users\/4"}],"replies":[{"embeddable":true,"href":"https:\/\/www.mth-partner.de\/en\/wp-json\/wp\/v2\/comments?post=6858"}],"version-history":[{"count":2,"href":"https:\/\/www.mth-partner.de\/en\/wp-json\/wp\/v2\/posts\/6858\/revisions"}],"predecessor-version":[{"id":8784,"href":"https:\/\/www.mth-partner.de\/en\/wp-json\/wp\/v2\/posts\/6858\/revisions\/8784"}],"wp:featuredmedia":[{"embeddable":true,"href":"https:\/\/www.mth-partner.de\/en\/wp-json\/wp\/v2\/media\/11620"}],"wp:attachment":[{"href":"https:\/\/www.mth-partner.de\/en\/wp-json\/wp\/v2\/media?parent=6858"}],"wp:term":[{"taxonomy":"category","embeddable":true,"href":"https:\/\/www.mth-partner.de\/en\/wp-json\/wp\/v2\/categories?post=6858"},{"taxonomy":"post_tag","embeddable":true,"href":"https:\/\/www.mth-partner.de\/en\/wp-json\/wp\/v2\/tags?post=6858"}],"curies":[{"name":"wp","href":"https:\/\/api.w.org\/{rel}","templated":true}]}}