{"id":6881,"date":"2023-10-29T17:48:16","date_gmt":"2023-10-29T17:48:16","guid":{"rendered":"https:\/\/www.mth-partner.de\/?p=6881"},"modified":"2025-06-12T08:19:16","modified_gmt":"2025-06-12T08:19:16","slug":"wohnungsmangel-stellt-fuer-sich-keine-nicht-zu-rechtfertigende-haerte-dar-die-den-mieter-zum-widerspruch-gegen-eine-eigenbedarfskuendigung-berechtigt","status":"publish","type":"post","link":"https:\/\/www.mth-partner.de\/en\/a-lack-of-accommodation-does-not-in-itself-constitute-an-unjustifiable-hardship-which-entitles-the-tenant-to-object-to-the-termination-of-a-tenancy-agreement\/","title":{"rendered":"Lack of accommodation does not in itself constitute an unjustifiable hardship that entitles the tenant to object to a termination for personal use"},"content":{"rendered":"<p><strong>Local court Sch\u00f6neberg, judgement of 17.10.2022, Ref.: 105 C 191\/22<\/strong><\/p>\n<p>Tenants cannot object to a termination for personal use in accordance with Section 573 (2) No. 2 BGB solely because there is a general housing shortage. This does not constitute a relevant hardship within the meaning of Section 574 (1) BGB. Rather, the tenant can be expected to be willing to compromise against the background of a tight housing market.<\/p>\n<p>In this case, the plaintiff had cancelled the rental agreement with the defendants for a flat in Berlin because her son was to move in. The defendants objected to the cancellation on the grounds that they would not be able to move into the flat in time for the end of the rental period due to the lack of accommodation in Berlin. <a href=\"https:\/\/www.mth-partner.de\/en\/receive-your-72-hour-emergency-plan\/\">Cancellation period<\/a> find a new flat and the cancellation would therefore constitute unjustifiable hardship.<\/p>\n<p><img fetchpriority=\"high\" decoding=\"async\" width=\"982\" height=\"560\" class=\"alignnone size-full wp-image-7018 alignright\" src=\"https:\/\/www.mth-partner.de\/wp-content\/uploads\/Eigenbedarf.png\" alt=\"For whom may I register personal use?\" srcset=\"https:\/\/www.mth-partner.de\/wp-content\/uploads\/Eigenbedarf.png 982w, https:\/\/www.mth-partner.de\/wp-content\/uploads\/Eigenbedarf-600x342.png 600w, https:\/\/www.mth-partner.de\/wp-content\/uploads\/Eigenbedarf-250x143.png 250w, https:\/\/www.mth-partner.de\/wp-content\/uploads\/Eigenbedarf-700x399.png 700w, https:\/\/www.mth-partner.de\/wp-content\/uploads\/Eigenbedarf-768x438.png 768w, https:\/\/www.mth-partner.de\/wp-content\/uploads\/Eigenbedarf-120x68.png 120w\" sizes=\"(max-width: 982px) 100vw, 982px\" \/><\/p>\n<h2><span class=\"ez-toc-section\" id=\"Sachverhalt_des_Falles\"><\/span><u>Case Background:<br \/>\n<\/u><span class=\"ez-toc-section-end\"><\/span><\/h2>\n<h3><span class=\"ez-toc-section\" id=\"Vermieterin_kundigte_die_Wohnung_wegen_Eigenbedarfs_weil_ihr_Sohn_in_die_Wohnung_ziehen_wollte\"><\/span>Landlady cancelled the flat for personal use because her son wanted to move into the flat<span class=\"ez-toc-section-end\"><\/span><\/h3>\n<p>On 7 October 2010, the parties concluded a rental agreement for a flat in Berlin. The plaintiff is the landlord, but her son is now the owner of the flat. The plaintiff manages the flat and an indefinite usufruct was entered in the land register in her favour. In a letter dated 18 November 2021, the plaintiff terminated the rental agreement in accordance with Section 573 (2) no. 2 BGB with effect from 31 August 2022, stating that her 45-year-old son wanted to move into the flat. He was currently living in a shared room and wanted to enter into a marital partnership with his wife, whom he would marry in July 2022. The plaintiff had no alternative living space available.<\/p>\n<h3><span class=\"ez-toc-section\" id=\"Nachdem_der_Mieter_nicht_raumte_reichte_die_Vermieterin_Raumungsklage_ein\"><\/span>After the tenant did not vacate, the landlady filed an action for eviction<span class=\"ez-toc-section-end\"><\/span><\/h3>\n<p>On 16 July 2022, the plaintiff filed an action for eviction and surrender of the rented property. On 8 August 2022, the defendants objected to the termination on the grounds that they had not found a suitable flat and would therefore have to continue the tenancy for one to two years. They stated that they had sent out around 100 applications and had searched for suitable accommodation both via property management companies and online portals.<\/p>\n<h3><span class=\"ez-toc-section\" id=\"Mieter_machten_als_Hartegrund_den_angespannten_Wohnungsmarkt_in_Berlin_geltend\"><\/span>Tenants cited the tight housing market in Berlin as a reason for hardship<span class=\"ez-toc-section-end\"><\/span><\/h3>\n<p>Although they had extended their search beyond Berlin, they had focussed their search in the vicinity of the workplace and the parents of defendant 1) who were in need of care. They also needed a study due to the professional activity of the defendant 2). They had not commissioned an estate agent, as their own efforts had even gone beyond the activities of an estate agent. Against this backdrop, the cancellation represented an unreasonable hardship for the defendants within the meaning of Section 574 (2) BGB.<\/p>\n<p>The plaintiff is of the opinion that the defendants have not sufficiently explained their efforts to find alternative accommodation. In particular, they should explain exactly which flats they viewed and why they were turned down. They had also endeavoured to find accommodation too late, namely at the end of March 2022.<\/p>\n<h2><span class=\"ez-toc-section\" id=\"Urteilsgrunde_des_Amtsgerichts_Schoneberg\"><\/span>Reasons for judgement of the Sch\u00f6neberg Local Court<span class=\"ez-toc-section-end\"><\/span><\/h2>\n<p>The Sch\u00f6neberg district court upheld the claim. The termination of 18 November 2021 had ended the tenancy with effect from 31 August 2022 and the plaintiff was therefore entitled to eviction and surrender of the flat under Section 546 (1) BGB.<\/p>\n<h3><span class=\"ez-toc-section\" id=\"Gericht_sah_Eigenbedarf_des_Sohnes_der_Klagerin_als_gegeben_an\"><\/span>Court considered the plaintiff's son's personal use to be given<span class=\"ez-toc-section-end\"><\/span><\/h3>\n<p>The plaintiff was initially entitled to terminate the tenancy as a usufructuary in rem in accordance with Section 567 BGB. The court also assumed that the plaintiff had a justified personal use. According to the overall view of all circumstances, there was no doubt that the plaintiff's son wanted to use the flat. This was particularly evident from the fact that the plan to move was understandable given his current living circumstances and that, due to his financial situation, he had few alternative options for establishing a marital partnership with his wife. This plan was also already sufficiently concrete and the plaintiff's son knew the neighbourhood and the layout of the flat in dispute.<\/p>\n<h3><span class=\"ez-toc-section\" id=\"Auch_eine_besondere_Harte_im_Sinne_des_%C2%A7_574_Abs_2_BGB_sah_das_Gericht_nicht_vorliegen\"><\/span>The court also found that there was no particular hardship within the meaning of Section 574 (2) BGB<span class=\"ez-toc-section-end\"><\/span><\/h3>\n<p>The defendant's objection to the justified termination for personal use was unsuccessful, there was no particular hardship within the meaning of Section 574 (2) BGB, and the defendant could reasonably be expected to find suitable alternative accommodation.<\/p>\n<p>The court justified this by stating that a tight housing market alone does not constitute hardship within the meaning of the standard. Rather, it is necessary that the specific tenant cannot reasonably be expected to find a new, suitable flat by the end of the notice period. A flat is appropriate if it fulfils certain minimum standards, but it does not have to be of the same quality as the previous flat. The tenant must take all necessary and reasonable measures to obtain new accommodation, whereby the individual needs of the tenant and landlord must be weighed up.<\/p>\n<h3><span class=\"ez-toc-section\" id=\"Die_Mieter_hatten_nicht_in_ausreichendem_Sinne_nachgewiesen_dass_sie_ausreichend_nach_einer_Wohnung_gesucht_haben\"><\/span>The tenants had not sufficiently demonstrated that they had searched sufficiently for a flat<span class=\"ez-toc-section-end\"><\/span><\/h3>\n<p>Although the efforts made by the defendants to find accommodation were confirmed by the court at the hearing, the court did not consider them to be sufficient. Especially in the case of a particular housing shortage, tenants must be willing to compromise, both with regard to the location and the size or layout of the future flat. For example, the defendants had only viewed two flats in February 2022, which was not sufficient. In addition, two of the flats viewed were rejected by the defendants because the floor plan did not meet the defendants' expectations. In the court's opinion, an insufficient size or a time limit of one year on the tenancy agreement for the flats available for selection were also not sufficient arguments to assume that the flats available were unsuitable.<\/p>\n<h3><span class=\"ez-toc-section\" id=\"Im_Hinblick_auf_die_Nahe_zu_den_pflegebedurftigen_Eltern_der_Mieter_hatten_sich_diese_auch_selbst_widersprochen\"><\/span>In view of the proximity to the tenants' parents in need of care, they would also have contradicted themselves<span class=\"ez-toc-section-end\"><\/span><\/h3>\n<p>The proximity of the flat to the parents of defendant 1), who are in need of care, could not be used to justify undue hardship, in particular because the defendants themselves had considered a flat that would not be ready for occupancy until the summer of 2024, which is also very far away from the parents of defendant 1). From this, the court concluded that the location did not appear to be a decisive factor for the defendants in this respect.<\/p>\n<p>The defendants could also be expected to commission an estate agent, as they often offer flats that are not listed in the usual search portals, and the search for a flat would therefore be made easier by working with an estate agent.<\/p>\n<p>Although the court confirmed the validity of the termination with effect from 31 August 2022, it decided to grant an eviction period until 31 August 2023 after weighing up the interests of the plaintiff and her son against the interests of the defendants. This was based on the fact that the defendants had at least not remained inactive, but had endeavoured, albeit not sufficiently, to find new living space and the plaintiff's son was currently living in a flat with his own room, from which there was no imminent threat of moving out.<\/p>\n<p>Source: AG Sch\u00f6neberg<\/p>\n<p><strong>Important Note: The content of this article has been prepared to the best of our knowledge and belief. However, due to the complexity and constant changes in the subject matter, liability and guarantees are excluded.<\/strong>Important Note: The content of this article has been prepared to the best of our knowledge. However, due to the complexity and constant changes in the legal field, we exclude liability and warranties.<\/p>\n<p>If you need legal advice, please feel free to call us at\u00a0<strong>0221- 80187670<\/strong>\u00a0or email us at<strong>\u00a0info@mth-partner.de<\/strong><\/p>\n<p><a href=\"https:\/\/www.mth-partner.de\/en\/de\/koeln\/mietrecht-rechtsanwalt\/\">Lawyers in Cologne provide advice and representation in tenancy law.<\/a><\/p>","protected":false},"excerpt":{"rendered":"<p>In almost all major German cities, the housing market is now so tight that it sometimes takes years to find a flat. However, this does not in itself constitute exceptional hardship that justifies an extension of the terminated tenancy.<\/p>","protected":false},"author":4,"featured_media":11620,"comment_status":"open","ping_status":"open","sticky":false,"template":"","format":"standard","meta":{"footnotes":""},"categories":[43],"tags":[2528],"class_list":["post-6881","post","type-post","status-publish","format-standard","has-post-thumbnail","hentry","category-mietrecht-rechtsanwalt","tag-rechtsanwalt-koeln-eigenbedarfskuendigung"],"yoast_head":"<!-- This site is optimized with the Yoast SEO plugin v27.4 - https:\/\/yoast.com\/product\/yoast-seo-wordpress\/ -->\n<title>Wohnungsmangel stellt f\u00fcr sich keine nicht zu rechtfertigende H\u00e4rte dar, die den Mieter zum Widerspruch gegen eine Eigenbedarfsk\u00fcndigung berechtigt - Rechtsanwaltskanzlei\u00a0Tieben<\/title>\n<meta name=\"description\" content=\"Der angespannte Wohnungsmarkt ist nicht f\u00fcr sich genommen eine H\u00e4rte im Sinne des \u00a7 574 BGB\" \/>\n<meta name=\"robots\" content=\"index, follow, max-snippet:-1, max-image-preview:large, max-video-preview:-1\" \/>\n<link rel=\"canonical\" href=\"https:\/\/www.mth-partner.de\/en\/a-lack-of-accommodation-does-not-in-itself-constitute-an-unjustifiable-hardship-which-entitles-the-tenant-to-object-to-the-termination-of-a-tenancy-agreement\/\" \/>\n<meta property=\"og:locale\" content=\"en_GB\" \/>\n<meta property=\"og:type\" content=\"article\" \/>\n<meta property=\"og:title\" content=\"Wohnungsmangel stellt f\u00fcr sich keine nicht zu rechtfertigende H\u00e4rte dar, die den Mieter zum Widerspruch gegen eine Eigenbedarfsk\u00fcndigung berechtigt - Rechtsanwaltskanzlei\u00a0Tieben\" \/>\n<meta property=\"og:description\" content=\"Der angespannte Wohnungsmarkt ist nicht f\u00fcr sich genommen eine H\u00e4rte im Sinne des \u00a7 574 BGB\" \/>\n<meta property=\"og:url\" content=\"https:\/\/www.mth-partner.de\/en\/a-lack-of-accommodation-does-not-in-itself-constitute-an-unjustifiable-hardship-which-entitles-the-tenant-to-object-to-the-termination-of-a-tenancy-agreement\/\" \/>\n<meta property=\"og:site_name\" content=\"Rechtsanwaltskanzlei\u00a0Tieben\" \/>\n<meta property=\"article:publisher\" content=\"https:\/\/www.facebook.com\/profile.php?id=100054481000178\" \/>\n<meta property=\"article:published_time\" content=\"2023-10-29T17:48:16+00:00\" \/>\n<meta property=\"article:modified_time\" content=\"2025-06-12T08:19:16+00:00\" \/>\n<meta property=\"og:image\" content=\"https:\/\/www.mth-partner.de\/wp-content\/uploads\/Zivilrecht.jpg\" \/>\n\t<meta property=\"og:image:width\" content=\"1200\" \/>\n\t<meta property=\"og:image:height\" content=\"600\" \/>\n\t<meta property=\"og:image:type\" content=\"image\/jpeg\" \/>\n<meta name=\"author\" content=\"helmer\" \/>\n<meta name=\"twitter:card\" content=\"summary_large_image\" \/>\n<meta name=\"twitter:creator\" content=\"@mth_Tieben\" \/>\n<meta name=\"twitter:site\" content=\"@mth_Tieben\" \/>\n<meta name=\"twitter:label1\" content=\"Written by\" \/>\n\t<meta name=\"twitter:data1\" content=\"helmer\" \/>\n\t<meta name=\"twitter:label2\" content=\"Estimated reading time\" \/>\n\t<meta name=\"twitter:data2\" content=\"6 minutes\" \/>\n<!-- \/ Yoast SEO plugin. -->","yoast_head_json":{"title":"Lack of accommodation does not in itself constitute an unjustifiable hardship that entitles the tenant to object to a termination for personal use - Rechtsanwaltskanzlei Tieben","description":"The tight housing market is not in itself a hardship within the meaning of Section 574 BGB","robots":{"index":"index","follow":"follow","max-snippet":"max-snippet:-1","max-image-preview":"max-image-preview:large","max-video-preview":"max-video-preview:-1"},"canonical":"https:\/\/www.mth-partner.de\/en\/a-lack-of-accommodation-does-not-in-itself-constitute-an-unjustifiable-hardship-which-entitles-the-tenant-to-object-to-the-termination-of-a-tenancy-agreement\/","og_locale":"en_GB","og_type":"article","og_title":"Wohnungsmangel stellt f\u00fcr sich keine nicht zu rechtfertigende H\u00e4rte dar, die den Mieter zum Widerspruch gegen eine Eigenbedarfsk\u00fcndigung berechtigt - Rechtsanwaltskanzlei\u00a0Tieben","og_description":"Der angespannte Wohnungsmarkt ist nicht f\u00fcr sich genommen eine H\u00e4rte im Sinne des \u00a7 574 BGB","og_url":"https:\/\/www.mth-partner.de\/en\/a-lack-of-accommodation-does-not-in-itself-constitute-an-unjustifiable-hardship-which-entitles-the-tenant-to-object-to-the-termination-of-a-tenancy-agreement\/","og_site_name":"Rechtsanwaltskanzlei\u00a0Tieben","article_publisher":"https:\/\/www.facebook.com\/profile.php?id=100054481000178","article_published_time":"2023-10-29T17:48:16+00:00","article_modified_time":"2025-06-12T08:19:16+00:00","og_image":[{"width":1200,"height":600,"url":"https:\/\/www.mth-partner.de\/wp-content\/uploads\/Zivilrecht.jpg","type":"image\/jpeg"}],"author":"helmer","twitter_card":"summary_large_image","twitter_creator":"@mth_Tieben","twitter_site":"@mth_Tieben","twitter_misc":{"Written by":"helmer","Estimated reading time":"6 minutes"},"schema":{"@context":"https:\/\/schema.org","@graph":[{"@type":"Article","@id":"https:\/\/www.mth-partner.de\/wohnungsmangel-stellt-fuer-sich-keine-nicht-zu-rechtfertigende-haerte-dar-die-den-mieter-zum-widerspruch-gegen-eine-eigenbedarfskuendigung-berechtigt\/#article","isPartOf":{"@id":"https:\/\/www.mth-partner.de\/wohnungsmangel-stellt-fuer-sich-keine-nicht-zu-rechtfertigende-haerte-dar-die-den-mieter-zum-widerspruch-gegen-eine-eigenbedarfskuendigung-berechtigt\/"},"author":{"name":"helmer","@id":"https:\/\/www.mth-partner.de\/#\/schema\/person\/fbcf627706a8a6151cec2217af8c74b3"},"headline":"Wohnungsmangel stellt f\u00fcr sich keine nicht zu rechtfertigende H\u00e4rte dar, die den Mieter zum Widerspruch gegen eine Eigenbedarfsk\u00fcndigung berechtigt","datePublished":"2023-10-29T17:48:16+00:00","dateModified":"2025-06-12T08:19:16+00:00","mainEntityOfPage":{"@id":"https:\/\/www.mth-partner.de\/wohnungsmangel-stellt-fuer-sich-keine-nicht-zu-rechtfertigende-haerte-dar-die-den-mieter-zum-widerspruch-gegen-eine-eigenbedarfskuendigung-berechtigt\/"},"wordCount":1229,"commentCount":0,"publisher":{"@id":"https:\/\/www.mth-partner.de\/#organization"},"image":{"@id":"https:\/\/www.mth-partner.de\/wohnungsmangel-stellt-fuer-sich-keine-nicht-zu-rechtfertigende-haerte-dar-die-den-mieter-zum-widerspruch-gegen-eine-eigenbedarfskuendigung-berechtigt\/#primaryimage"},"thumbnailUrl":"https:\/\/www.mth-partner.de\/wp-content\/uploads\/Zivilrecht.jpg","keywords":["Rechtsanwalt K\u00f6ln Eigenbedarfsk\u00fcndigung"],"articleSection":["Zivilrecht"],"inLanguage":"en-GB","potentialAction":[{"@type":"CommentAction","name":"Comment","target":["https:\/\/www.mth-partner.de\/wohnungsmangel-stellt-fuer-sich-keine-nicht-zu-rechtfertigende-haerte-dar-die-den-mieter-zum-widerspruch-gegen-eine-eigenbedarfskuendigung-berechtigt\/#respond"]}]},{"@type":"WebPage","@id":"https:\/\/www.mth-partner.de\/wohnungsmangel-stellt-fuer-sich-keine-nicht-zu-rechtfertigende-haerte-dar-die-den-mieter-zum-widerspruch-gegen-eine-eigenbedarfskuendigung-berechtigt\/","url":"https:\/\/www.mth-partner.de\/wohnungsmangel-stellt-fuer-sich-keine-nicht-zu-rechtfertigende-haerte-dar-die-den-mieter-zum-widerspruch-gegen-eine-eigenbedarfskuendigung-berechtigt\/","name":"Lack of accommodation does not in itself constitute an unjustifiable hardship that entitles the tenant to object to a termination for personal use - Rechtsanwaltskanzlei Tieben","isPartOf":{"@id":"https:\/\/www.mth-partner.de\/#website"},"primaryImageOfPage":{"@id":"https:\/\/www.mth-partner.de\/wohnungsmangel-stellt-fuer-sich-keine-nicht-zu-rechtfertigende-haerte-dar-die-den-mieter-zum-widerspruch-gegen-eine-eigenbedarfskuendigung-berechtigt\/#primaryimage"},"image":{"@id":"https:\/\/www.mth-partner.de\/wohnungsmangel-stellt-fuer-sich-keine-nicht-zu-rechtfertigende-haerte-dar-die-den-mieter-zum-widerspruch-gegen-eine-eigenbedarfskuendigung-berechtigt\/#primaryimage"},"thumbnailUrl":"https:\/\/www.mth-partner.de\/wp-content\/uploads\/Zivilrecht.jpg","datePublished":"2023-10-29T17:48:16+00:00","dateModified":"2025-06-12T08:19:16+00:00","description":"The tight housing market is not in itself a hardship within the meaning of Section 574 BGB","breadcrumb":{"@id":"https:\/\/www.mth-partner.de\/wohnungsmangel-stellt-fuer-sich-keine-nicht-zu-rechtfertigende-haerte-dar-die-den-mieter-zum-widerspruch-gegen-eine-eigenbedarfskuendigung-berechtigt\/#breadcrumb"},"inLanguage":"en-GB","potentialAction":[{"@type":"ReadAction","target":["https:\/\/www.mth-partner.de\/wohnungsmangel-stellt-fuer-sich-keine-nicht-zu-rechtfertigende-haerte-dar-die-den-mieter-zum-widerspruch-gegen-eine-eigenbedarfskuendigung-berechtigt\/"]}]},{"@type":"ImageObject","inLanguage":"en-GB","@id":"https:\/\/www.mth-partner.de\/wohnungsmangel-stellt-fuer-sich-keine-nicht-zu-rechtfertigende-haerte-dar-die-den-mieter-zum-widerspruch-gegen-eine-eigenbedarfskuendigung-berechtigt\/#primaryimage","url":"https:\/\/www.mth-partner.de\/wp-content\/uploads\/Zivilrecht.jpg","contentUrl":"https:\/\/www.mth-partner.de\/wp-content\/uploads\/Zivilrecht.jpg","width":1200,"height":600,"caption":"Zivilrecht"},{"@type":"BreadcrumbList","@id":"https:\/\/www.mth-partner.de\/wohnungsmangel-stellt-fuer-sich-keine-nicht-zu-rechtfertigende-haerte-dar-die-den-mieter-zum-widerspruch-gegen-eine-eigenbedarfskuendigung-berechtigt\/#breadcrumb","itemListElement":[{"@type":"ListItem","position":1,"name":"Home","item":"https:\/\/www.mth-partner.de\/"},{"@type":"ListItem","position":2,"name":"Zivilrecht","item":"https:\/\/www.mth-partner.de\/category\/mietrecht-rechtsanwalt\/"},{"@type":"ListItem","position":3,"name":"Wohnungsmangel stellt f\u00fcr sich keine nicht zu rechtfertigende H\u00e4rte dar, die den Mieter zum Widerspruch gegen eine Eigenbedarfsk\u00fcndigung berechtigt"}]},{"@type":"WebSite","@id":"https:\/\/www.mth-partner.de\/#website","url":"https:\/\/www.mth-partner.de\/","name":"Law firm Tieben","description":"Lawyer Tieben \/ Law firm Cologne","publisher":{"@id":"https:\/\/www.mth-partner.de\/#organization"},"potentialAction":[{"@type":"SearchAction","target":{"@type":"EntryPoint","urlTemplate":"https:\/\/www.mth-partner.de\/?s={search_term_string}"},"query-input":{"@type":"PropertyValueSpecification","valueRequired":true,"valueName":"search_term_string"}}],"inLanguage":"en-GB"},{"@type":"Organization","@id":"https:\/\/www.mth-partner.de\/#organization","name":"Law firm Tieben","url":"https:\/\/www.mth-partner.de\/","logo":{"@type":"ImageObject","inLanguage":"en-GB","@id":"https:\/\/www.mth-partner.de\/#\/schema\/logo\/image\/","url":"https:\/\/www.mth-partner.de\/wp-content\/uploads\/logo.png","contentUrl":"https:\/\/www.mth-partner.de\/wp-content\/uploads\/logo.png","width":254,"height":52,"caption":"Rechtsanwaltskanzlei\u00a0Tieben"},"image":{"@id":"https:\/\/www.mth-partner.de\/#\/schema\/logo\/image\/"},"sameAs":["https:\/\/www.facebook.com\/profile.php?id=100054481000178","https:\/\/x.com\/mth_Tieben","https:\/\/www.linkedin.com\/in\/helmer-tieben-09570226"]},{"@type":"Person","@id":"https:\/\/www.mth-partner.de\/#\/schema\/person\/fbcf627706a8a6151cec2217af8c74b3","name":"helmer","image":{"@type":"ImageObject","inLanguage":"en-GB","@id":"https:\/\/secure.gravatar.com\/avatar\/f3308295754604f18007cf9e14e5984d1b864d3edea19e3681ff8c9354cd73e8?s=96&d=mm&r=g","url":"https:\/\/secure.gravatar.com\/avatar\/f3308295754604f18007cf9e14e5984d1b864d3edea19e3681ff8c9354cd73e8?s=96&d=mm&r=g","contentUrl":"https:\/\/secure.gravatar.com\/avatar\/f3308295754604f18007cf9e14e5984d1b864d3edea19e3681ff8c9354cd73e8?s=96&d=mm&r=g","caption":"helmer"}}]}},"_links":{"self":[{"href":"https:\/\/www.mth-partner.de\/en\/wp-json\/wp\/v2\/posts\/6881","targetHints":{"allow":["GET"]}}],"collection":[{"href":"https:\/\/www.mth-partner.de\/en\/wp-json\/wp\/v2\/posts"}],"about":[{"href":"https:\/\/www.mth-partner.de\/en\/wp-json\/wp\/v2\/types\/post"}],"author":[{"embeddable":true,"href":"https:\/\/www.mth-partner.de\/en\/wp-json\/wp\/v2\/users\/4"}],"replies":[{"embeddable":true,"href":"https:\/\/www.mth-partner.de\/en\/wp-json\/wp\/v2\/comments?post=6881"}],"version-history":[{"count":2,"href":"https:\/\/www.mth-partner.de\/en\/wp-json\/wp\/v2\/posts\/6881\/revisions"}],"predecessor-version":[{"id":7023,"href":"https:\/\/www.mth-partner.de\/en\/wp-json\/wp\/v2\/posts\/6881\/revisions\/7023"}],"wp:featuredmedia":[{"embeddable":true,"href":"https:\/\/www.mth-partner.de\/en\/wp-json\/wp\/v2\/media\/11620"}],"wp:attachment":[{"href":"https:\/\/www.mth-partner.de\/en\/wp-json\/wp\/v2\/media?parent=6881"}],"wp:term":[{"taxonomy":"category","embeddable":true,"href":"https:\/\/www.mth-partner.de\/en\/wp-json\/wp\/v2\/categories?post=6881"},{"taxonomy":"post_tag","embeddable":true,"href":"https:\/\/www.mth-partner.de\/en\/wp-json\/wp\/v2\/tags?post=6881"}],"curies":[{"name":"wp","href":"https:\/\/api.w.org\/{rel}","templated":true}]}}